{"id":6338,"date":"2026-09-01T17:20:45","date_gmt":"2026-09-01T15:20:45","guid":{"rendered":"https:\/\/zemino.hu\/?p=6338"},"modified":"2026-09-01T17:20:46","modified_gmt":"2026-09-01T15:20:46","slug":"pokolgep-robbantas-nemetorszag-janschwalde-hoeromu","status":"publish","type":"post","link":"https:\/\/zemino.hu\/ro\/kulfold\/2026\/09\/01\/pokolgep-robbantas-nemetorszag-janschwalde-hoeromu\/","title":{"rendered":"Robbant\u00e1s t\u00f6rt\u00e9nt egy kelet-n\u00e9metorsz\u00e1gi h\u0151er\u0151m\u0171 k\u00f6zel\u00e9ben, a helysz\u00ednen t\u00f6bb tov\u00e1bbi robban\u00f3eszk\u00f6zt is tal\u00e1ltak"},"content":{"rendered":"<p class=\"wp-block-paragraph\"><strong>Pokolg\u00e9pes t\u00e1mad\u00e1s \u00e9rt kedden reggel egy kelet-n\u00e9metorsz\u00e1gi \u00e1rameloszt\u00f3 al\u00e1llom\u00e1st a janschwaldei h\u0151er\u0151m\u0171 k\u00f6zel\u00e9ben, ami r\u00f6vid \u00e1ramkimarad\u00e1st okozott. Az Index besz\u00e1mol\u00f3ja szerint a mer\u00e9nyletben szem\u00e9lyi s\u00e9r\u00fcl\u00e9s nem t\u00f6rt\u00e9nt, a rend\u0151rs\u00e9g pedig tov\u00e1bbi robban\u00f3szerkezeteket is tal\u00e1lt a k\u00f6rny\u00e9ken.<\/strong><\/p>\n\n\n\n<p class=\"wp-block-paragraph\">Ismeretlen tettesek hajtott\u00e1k v\u00e9gre a t\u00e1mad\u00e1st a preilacki \u00e1rameloszt\u00f3 al\u00e1llom\u00e1s ellen kedd reggel \u2013 jelentette be a n\u00e9met rend\u0151rs\u00e9g egyik sz\u00f3viv\u0151je az MTI h\u00edrad\u00e1sa alapj\u00e1n. A h\u00e1zilagos k\u00e9sz\u00edt\u00e9s\u0171 robban\u00f3szerkezet t\u00f6bb elektromos vezet\u00e9ket is megrong\u00e1lt, de szem\u00e9lyi s\u00e9r\u00fcl\u00e9st nem okozott.<\/p>\n\n\n\n<p class=\"wp-block-paragraph\">A sz\u00f3viv\u0151 t\u00e1j\u00e9koztat\u00e1sa szerint a k\u00f6rzetben t\u00f6bb robban\u00f3eszk\u00f6zt is elhelyeztek, azonban csup\u00e1n egy l\u00e9pett m\u0171k\u00f6d\u00e9sbe.<\/p>\n\n\n\n<p class=\"wp-block-paragraph\">A h\u00e1l\u00f3zatot \u00fczemeltet\u0151 v\u00e1llalat bejelentette, hogy t\u00f6bb vezet\u00e9ken is rong\u00e1l\u00e1st \u00e9szleltek, ami szolg\u00e1ltat\u00e1s-kimarad\u00e1st eredm\u00e9nyezett. A hib\u00e1kat azonban r\u00f6vid id\u0151n bel\u00fcl kijav\u00edtott\u00e1k, az \u00e1ramell\u00e1t\u00e1s pedig teljes eg\u00e9sz\u00e9ben helyre\u00e1llt. Ezenk\u00edv\u00fcl az er\u0151m\u0171vet \u00fczemeltet\u0151 c\u00e9g k\u00f6z\u00f6lte, hogy az egyik \u00fczemegys\u00e9g\u00fckben m\u0171szaki hib\u00e1t \u00e9szleltek, \u00e9s vizsg\u00e1lj\u00e1k, hogy az \u00fczemzavar \u00f6sszef\u00fcgg\u00e9sben \u00e1llhat-e a t\u00f6rt\u00e9ntekkel.<\/p>\n\n\n\n<p class=\"wp-block-paragraph\">Az elk\u00f6vet\u0151k kil\u00e9t\u00e9r\u0151l \u00e9s az \u00fcgy tov\u00e1bbi r\u00e9szleteir\u0151l egyel\u0151re nem k\u00f6z\u00f6lt t\u00f6bb inform\u00e1ci\u00f3t a rend\u0151rs\u00e9g.<\/p>","protected":false},"excerpt":{"rendered":"<p>Pokolg\u00e9p robbant egy kelet-n\u00e9metorsz\u00e1gi \u00e1rameloszt\u00f3 al\u00e1llom\u00e1sn\u00e1l. A t\u00e1mad\u00e1s \u00e1ramkimarad\u00e1st okozott, \u00e9s t\u00f6bb tov\u00e1bbi robban\u00f3eszk\u00f6zt is tal\u00e1ltak.<\/p>","protected":false},"author":2,"featured_media":6339,"comment_status":"open","ping_status":"open","sticky":false,"template":"","format":"standard","meta":{"_gspb_post_css":"","_zh_crosspost_remote_site":"zsaruhirek","_zh_crosspost_remote_post_id":"86828","_zh_crosspost_last_sync_at":"2026-09-01 17:19:04","_zh_crosspost_last_sync_direction":"zsaruhirek_to_zemino","_zh_crosspost_synced_images":"","footnotes":""},"categories":[33],"tags":[2611,3373,1305,3374],"class_list":["post-6338","post","type-post","status-publish","format-standard","has-post-thumbnail","hentry","category-kulfold","tag-energiaellatas","tag-hoeromu","tag-nemetorszag","tag-robbantas"],"_links":{"self":[{"href":"https:\/\/zemino.hu\/ro\/wp-json\/wp\/v2\/posts\/6338","targetHints":{"allow":["GET"]}}],"collection":[{"href":"https:\/\/zemino.hu\/ro\/wp-json\/wp\/v2\/posts"}],"about":[{"href":"https:\/\/zemino.hu\/ro\/wp-json\/wp\/v2\/types\/post"}],"author":[{"embeddable":true,"href":"https:\/\/zemino.hu\/ro\/wp-json\/wp\/v2\/users\/2"}],"replies":[{"embeddable":true,"href":"https:\/\/zemino.hu\/ro\/wp-json\/wp\/v2\/comments?post=6338"}],"version-history":[{"count":1,"href":"https:\/\/zemino.hu\/ro\/wp-json\/wp\/v2\/posts\/6338\/revisions"}],"predecessor-version":[{"id":6340,"href":"https:\/\/zemino.hu\/ro\/wp-json\/wp\/v2\/posts\/6338\/revisions\/6340"}],"wp:featuredmedia":[{"embeddable":true,"href":"https:\/\/zemino.hu\/ro\/wp-json\/wp\/v2\/media\/6339"}],"wp:attachment":[{"href":"https:\/\/zemino.hu\/ro\/wp-json\/wp\/v2\/media?parent=6338"}],"wp:term":[{"taxonomy":"category","embeddable":true,"href":"https:\/\/zemino.hu\/ro\/wp-json\/wp\/v2\/categories?post=6338"},{"taxonomy":"post_tag","embeddable":true,"href":"https:\/\/zemino.hu\/ro\/wp-json\/wp\/v2\/tags?post=6338"}],"curies":[{"name":"wp","href":"https:\/\/api.w.org\/{rel}","templated":true}]}}