{"id":6341,"date":"2026-09-01T17:31:45","date_gmt":"2026-09-01T15:31:45","guid":{"rendered":"https:\/\/zemino.hu\/?p=6341"},"modified":"2026-09-01T18:22:21","modified_gmt":"2026-09-01T16:22:21","slug":"rendorseg-nyomozas-eximbank-gazdasagi-es-energetikai-miniszterium","status":"publish","type":"post","link":"https:\/\/zemino.hu\/ro\/villogos\/2026\/09\/01\/rendorseg-nyomozas-eximbank-gazdasagi-es-energetikai-miniszterium\/","title":{"rendered":"Nyomoz a rend\u0151rs\u00e9g az Eximbank ellen"},"content":{"rendered":"<p class=\"wp-block-paragraph\"><strong>Hivatali vissza\u00e9l\u00e9s \u00e9s h\u0171tlen kezel\u00e9s gyan\u00faja miatt nyomoz\u00e1st ind\u00edtott a K\u00e9szenl\u00e9ti Rend\u0151rs\u00e9g Nemzeti Nyomoz\u00f3 Iroda a Magyar Export-Import Bank Zrt. ellen, miut\u00e1n a Gazdas\u00e1gi \u00e9s Energetikai Miniszt\u00e9rium n\u00e9gy feljelent\u00e9st tett az int\u00e9zm\u00e9nyn\u00e9l felt\u00e1rt adatok alapj\u00e1n.<\/strong><\/p>\n\n\n\n<p class=\"wp-block-paragraph\">A <a href=\"https:\/\/www.police.hu\/hu\/hirek-es-informaciok\/legfrissebb-hireink\/bunugyek\/bank-ellen-nyomoz-az-nni\" target=\"_blank\" rel=\"noopener\">K\u00e9szenl\u00e9ti Rend\u0151rs\u00e9g Nemzeti Nyomoz\u00f3 Iroda<\/a> kedden k\u00f6zz\u00e9tett t\u00e1j\u00e9koztat\u00e1sa szerint a hat\u00f3s\u00e1g m\u00e1r t\u00f6bb ezer oldalnyi dokumentumot birtokol. A nyomoz\u00f3k h\u00e9tf\u0151n foglalt\u00e1k le a miniszt\u00e9riumt\u00f3l azokat a bels\u0151 vizsg\u00e1lat sor\u00e1n beszerzett iratanyagokat, amelyek tov\u00e1bbi adatokkal szolg\u00e1lnak a vizsg\u00e1lt cselekm\u00e9nyekhez.<\/p>\n\n\n\n<p class=\"wp-block-paragraph\">A hat\u00f3s\u00e1g n\u00e9gy nagy \u00f6sszeg\u0171 finansz\u00edroz\u00e1si \u00fcgylet kapcs\u00e1n ind\u00edtott b\u00fcntet\u0151elj\u00e1r\u00e1st. A j\u00falius k\u00f6zep\u00e9n tett feljelent\u00e9st a Gazdas\u00e1gi \u00e9s Energetikai Miniszt\u00e9rium parlamenti \u00e1llamtitk\u00e1ra a bank \u00e1tvil\u00e1g\u00edt\u00e1sa sor\u00e1n felt\u00e1rt inform\u00e1ci\u00f3kra hivatkozva.<\/p>\n\n\n\n<p class=\"wp-block-paragraph\">A Minisztereln\u00f6ks\u00e9g augusztus v\u00e9g\u00e9n jelentette be, hogy egy folyamatosan friss\u00fcl\u0151 weboldalon teszik k\u00f6zz\u00e9 a korm\u00e1nyzati vizsg\u00e1latok sor\u00e1n felt\u00e1rt vissza\u00e9l\u00e9sek miatt tett feljelent\u00e9seket. Az <a href=\"https:\/\/kormany.hu\/atlathato\/feljelentes\" target=\"_blank\" rel=\"noopener\">atlathato.kormany.hu<\/a> oldalon el\u00e9rhet\u0151 adatok alapj\u00e1n eddig 21 feljelent\u00e9s t\u00f6rt\u00e9nt, amelyek \u00f6sszesen 2103 milli\u00e1rd forintnyi k\u00f6zp\u00e9nz felhaszn\u00e1l\u00e1s\u00e1t \u00e9rintik. Ebb\u0151l a hatalmas \u00f6sszegb\u0151l t\u00f6bb mint fel\u00e9t az Eximbank \u00fcgyei teszik ki.<\/p>\n\n\n\n<figure class=\"wp-block-embed is-type-wp-embed is-provider-zemino wp-block-embed-zemino\"><div class=\"wp-block-embed__wrapper\">\n<blockquote class=\"wp-embedded-content\" data-secret=\"bNfqaj2cyO\"><a href=\"https:\/\/zemino.hu\/ro\/belfold\/2026\/08\/31\/velkey-gyorgy-szijjarto-peter-lelegeztetogep-beszerzes\/\">Komoly min\u0151s\u00e9gi probl\u00e9m\u00e1k akadtak a koronav\u00edrus-j\u00e1rv\u00e1ny idej\u00e9n beszerzett l\u00e9legeztet\u0151g\u00e9pekkel, amelyekr\u0151l m\u00e1r a k\u00e9sz\u00fcl\u00e9kek be\u00e9rkez\u00e9sekor pontosan tudtak<\/a><\/blockquote><iframe loading=\"lazy\" class=\"wp-embedded-content\" sandbox=\"allow-scripts\" security=\"restricted\" style=\"position: absolute; visibility: hidden;\" title=\"\u201cKomoly min\u0151s\u00e9gi probl\u00e9m\u00e1k akadtak a koronav\u00edrus-j\u00e1rv\u00e1ny idej\u00e9n beszerzett l\u00e9legeztet\u0151g\u00e9pekkel, amelyekr\u0151l m\u00e1r a k\u00e9sz\u00fcl\u00e9kek be\u00e9rkez\u00e9sekor pontosan tudtak\u201d \u2014 Zemino\" src=\"https:\/\/zemino.hu\/belfold\/2026\/08\/31\/velkey-gyorgy-szijjarto-peter-lelegeztetogep-beszerzes\/embed\/#?secret=NRb4qsyu2P#?secret=bNfqaj2cyO\" data-secret=\"bNfqaj2cyO\" width=\"500\" height=\"282\" frameborder=\"0\" marginwidth=\"0\" marginheight=\"0\" scrolling=\"no\"><\/iframe>\n<\/div><\/figure>\n\n\n\n<p class=\"wp-block-paragraph\">Ezt olvastad m\u00e1r? <a href=\"https:\/\/zemino.hu\/ro\/villogos\/2026\/08\/29\/m6-autopalya-koncesszio-feljelentes-lazar-janos\/\" target=\"_blank\">B\u00fcntet\u0151feljelent\u00e9st tett a K\u00f6zleked\u00e9si \u00e9s Beruh\u00e1z\u00e1si Miniszt\u00e9rium az M6-os aut\u00f3p\u00e1lya koncesszi\u00f3s szerz\u0151d\u00e9se miatt<\/a><\/p>","protected":false},"excerpt":{"rendered":"<p>Hivatali vissza\u00e9l\u00e9s \u00e9s h\u0171tlen kezel\u00e9s miatt nyomoz a rend\u0151rs\u00e9g az Eximbank ellen a miniszt\u00e9rium feljelent\u00e9sei nyom\u00e1n, t\u00f6bb ezer oldalnyi iratot foglaltak le.<\/p>","protected":false},"author":7,"featured_media":6342,"comment_status":"open","ping_status":"open","sticky":false,"template":"","format":"standard","meta":{"_gspb_post_css":"","_zh_crosspost_remote_site":"zsaruhirek","_zh_crosspost_remote_post_id":"86834","_zh_crosspost_last_sync_at":"2026-09-01 17:30:10","_zh_crosspost_last_sync_direction":"zemino_to_zsaruhirek","footnotes":""},"categories":[325],"tags":[2474,898,2475,582],"class_list":["post-6341","post","type-post","status-publish","format-standard","has-post-thumbnail","hentry","category-villogos","tag-eximbank","tag-feljelentes","tag-gazdasagi-es-energetikai-miniszterium","tag-hutlen-kezeles"],"_links":{"self":[{"href":"https:\/\/zemino.hu\/ro\/wp-json\/wp\/v2\/posts\/6341","targetHints":{"allow":["GET"]}}],"collection":[{"href":"https:\/\/zemino.hu\/ro\/wp-json\/wp\/v2\/posts"}],"about":[{"href":"https:\/\/zemino.hu\/ro\/wp-json\/wp\/v2\/types\/post"}],"author":[{"embeddable":true,"href":"https:\/\/zemino.hu\/ro\/wp-json\/wp\/v2\/users\/7"}],"replies":[{"embeddable":true,"href":"https:\/\/zemino.hu\/ro\/wp-json\/wp\/v2\/comments?post=6341"}],"version-history":[{"count":2,"href":"https:\/\/zemino.hu\/ro\/wp-json\/wp\/v2\/posts\/6341\/revisions"}],"predecessor-version":[{"id":6349,"href":"https:\/\/zemino.hu\/ro\/wp-json\/wp\/v2\/posts\/6341\/revisions\/6349"}],"wp:featuredmedia":[{"embeddable":true,"href":"https:\/\/zemino.hu\/ro\/wp-json\/wp\/v2\/media\/6342"}],"wp:attachment":[{"href":"https:\/\/zemino.hu\/ro\/wp-json\/wp\/v2\/media?parent=6341"}],"wp:term":[{"taxonomy":"category","embeddable":true,"href":"https:\/\/zemino.hu\/ro\/wp-json\/wp\/v2\/categories?post=6341"},{"taxonomy":"post_tag","embeddable":true,"href":"https:\/\/zemino.hu\/ro\/wp-json\/wp\/v2\/tags?post=6341"}],"curies":[{"name":"wp","href":"https:\/\/api.w.org\/{rel}","templated":true}]}}