{"id":6350,"date":"2026-09-01T19:52:24","date_gmt":"2026-09-01T17:52:24","guid":{"rendered":"https:\/\/zemino.hu\/?p=6350"},"modified":"2026-09-01T19:52:25","modified_gmt":"2026-09-01T17:52:25","slug":"rendorok-szuletesnap-szolgalatmentes-nap","status":"publish","type":"post","link":"https:\/\/zemino.hu\/ro\/villogos\/2026\/09\/01\/rendorok-szuletesnap-szolgalatmentes-nap\/","title":{"rendered":"A rend\u0151rs\u00e9g munkat\u00e1rsai mostant\u00f3l szabadnapot kapnak a sz\u00fclet\u00e9snapjukon"},"content":{"rendered":"<p class=\"wp-block-paragraph\"><strong>Szeptember 1-j\u00e9t\u0151l kezd\u0151d\u0151en minden rend\u0151rs\u00e9gi dolgoz\u00f3 sz\u00e1m\u00e1ra szolg\u00e1latmentes napp\u00e1 v\u00e1lt a sz\u00fclet\u00e9snapja \u2013 sz\u00e1molt be r\u00f3la a Magyar Rend\u0151rs\u00e9g<\/strong>.<\/p>\n\n\n\n<p class=\"wp-block-paragraph\">G\u00e1l Krist\u00f3f rend\u0151r ezredes, a rend\u0151rs\u00e9g sz\u00f3viv\u0151je <a href=\"https:\/\/www.facebook.com\/reel\/1048143391310904\" target=\"_blank\" rel=\"noopener\">kedves gesztusk\u00e9nt jellemezte<\/a> a vezet\u00e9s d\u00f6nt\u00e9s\u00e9t. A kedvezm\u00e9ny nemcsak a hivat\u00e1sos \u00e1llom\u00e1ny tagjaira terjed ki, hanem a rendv\u00e9delmi igazgat\u00e1si alkalmazottakra \u00e9s a munkav\u00e1llal\u00f3kra is, a plusz szabadnapot pedig a rend\u0151rs\u00e9gn\u00e9l v\u00e9gzett munka \u00e9s szolg\u00e1lat megbecs\u00fcl\u00e9s\u00e9vel indokolt\u00e1k.<\/p>\n\n\n\n<p class=\"wp-block-paragraph\">Az \u00e9rintetteknek a sz\u00fclet\u00e9snapi szolg\u00e1latmentess\u00e9get nem kell k\u00fcl\u00f6n ig\u00e9nyelni\u00fck, azt a beoszt\u00e1s elk\u00e9sz\u00edt\u00e9sekor automatikusan figyelembe veszik. Abban az esetben, ha a jeles nap pihen\u0151napra, munkasz\u00fcneti napra vagy szabads\u00e1gra esik, a jogosult a k\u00f6vetkez\u0151, beoszt\u00e1s szerinti munkanapon kapja meg a szolg\u00e1latmentess\u00e9get.<\/p>\n\n\n\n<figure class=\"wp-block-embed is-type-video is-provider-facebook wp-block-embed-facebook\"><div class=\"wp-block-embed__wrapper\">\n<div id=\"fb-root\"><\/div><script async=\"1\" defer=\"1\" crossorigin=\"anonymous\" src=\"https:\/\/connect.facebook.net\/hu_HU\/sdk.js#xfbml=1&amp;version=v26.0\"><\/script><div class=\"fb-video\" data-href=\"https:\/\/www.facebook.com\/reel\/1048143391310904\" data-width=\"500\"><\/div>\n<\/div><\/figure>","protected":false},"excerpt":{"rendered":"<p>Szeptember 1-j\u00e9t\u0151l minden rend\u0151rs\u00e9gi dolgoz\u00f3 szolg\u00e1latmentes napot kap a sz\u00fclet\u00e9snapj\u00e1n. A r\u00e9szletekr\u0151l G\u00e1l Krist\u00f3f sz\u00f3viv\u0151 sz\u00e1molt be.<\/p>","protected":false},"author":2,"featured_media":6351,"comment_status":"open","ping_status":"open","sticky":false,"template":"","format":"standard","meta":{"_gspb_post_css":"","_zh_crosspost_remote_site":"zsaruhirek","_zh_crosspost_remote_post_id":"86861","_zh_crosspost_last_sync_at":"2026-09-01 19:51:40","_zh_crosspost_last_sync_direction":"zsaruhirek_to_zemino","footnotes":""},"categories":[325],"tags":[3375,3376,76,3377,3378],"class_list":["post-6350","post","type-post","status-publish","format-standard","has-post-thumbnail","hentry","category-villogos","tag-gal-kristof","tag-magyar-rendorseg","tag-rendorseg","tag-rendvedelmi-igazgatas","tag-szolgalatmentes-nap"],"_links":{"self":[{"href":"https:\/\/zemino.hu\/ro\/wp-json\/wp\/v2\/posts\/6350","targetHints":{"allow":["GET"]}}],"collection":[{"href":"https:\/\/zemino.hu\/ro\/wp-json\/wp\/v2\/posts"}],"about":[{"href":"https:\/\/zemino.hu\/ro\/wp-json\/wp\/v2\/types\/post"}],"author":[{"embeddable":true,"href":"https:\/\/zemino.hu\/ro\/wp-json\/wp\/v2\/users\/2"}],"replies":[{"embeddable":true,"href":"https:\/\/zemino.hu\/ro\/wp-json\/wp\/v2\/comments?post=6350"}],"version-history":[{"count":1,"href":"https:\/\/zemino.hu\/ro\/wp-json\/wp\/v2\/posts\/6350\/revisions"}],"predecessor-version":[{"id":6355,"href":"https:\/\/zemino.hu\/ro\/wp-json\/wp\/v2\/posts\/6350\/revisions\/6355"}],"wp:featuredmedia":[{"embeddable":true,"href":"https:\/\/zemino.hu\/ro\/wp-json\/wp\/v2\/media\/6351"}],"wp:attachment":[{"href":"https:\/\/zemino.hu\/ro\/wp-json\/wp\/v2\/media?parent=6350"}],"wp:term":[{"taxonomy":"category","embeddable":true,"href":"https:\/\/zemino.hu\/ro\/wp-json\/wp\/v2\/categories?post=6350"},{"taxonomy":"post_tag","embeddable":true,"href":"https:\/\/zemino.hu\/ro\/wp-json\/wp\/v2\/tags?post=6350"}],"curies":[{"name":"wp","href":"https:\/\/api.w.org\/{rel}","templated":true}]}}