{"id":6352,"date":"2026-09-01T19:52:59","date_gmt":"2026-09-01T17:52:59","guid":{"rendered":"https:\/\/zemino.hu\/?p=6352"},"modified":"2026-09-01T19:53:00","modified_gmt":"2026-09-01T17:53:00","slug":"halaleset-szeged-rakoczi-ter-kormanyhivatal-munkas","status":"publish","type":"post","link":"https:\/\/zemino.hu\/ro\/belfold\/2026\/09\/01\/halaleset-szeged-rakoczi-ter-kormanyhivatal-munkas\/","title":{"rendered":"Tragikus munkabaleset t\u00f6rt\u00e9nt Szegeden: a R\u00e1k\u00f3czi t\u00e9ri korm\u00e1nyhivatal \u00e9p\u00fclet\u00e9r\u0151l lezuhant egy munk\u00e1s kedden kora d\u00e9lut\u00e1n"},"content":{"rendered":"<p class=\"wp-block-paragraph\"><strong>\u00c9let\u00e9t vesztette egy munkav\u00e1llal\u00f3 kedd kora d\u00e9lut\u00e1n Szegeden, miut\u00e1n eddig ismeretlen okokb\u00f3l lezuhant a R\u00e1k\u00f3czi t\u00e9ri korm\u00e1nyablak vagy korm\u00e1nyhivatal \u00e9p\u00fclet\u00e9nek tetej\u00e9r\u0151l vagy annak k\u00f6zel\u00e9b\u0151l. Az Szeged365 besz\u00e1mol\u00f3ja szerint a rend\u0151rs\u00e9g m\u00e1r nyomoz\u00e1st ind\u00edtott az \u00fcgyben.<\/strong><\/p>\n\n\n\n<p class=\"wp-block-paragraph\">A munk\u00e1s feltehet\u0151leg az ablakok tiszt\u00edt\u00e1sa k\u00f6zben eshetett le, a helysz\u00edni fot\u00f3kon ugyanis j\u00f3l l\u00e1that\u00f3ak az ehhez haszn\u00e1lt k\u00f6telek. Olvas\u00f3i inform\u00e1ci\u00f3k alapj\u00e1n a k\u00f6z\u00e9pkor\u00fa f\u00e9rfi a harmadik emelet magass\u00e1g\u00e1b\u00f3l, nagyj\u00e1b\u00f3l 15-20 m\u00e9teres magass\u00e1gb\u00f3l zuhanhatott le, \u00e9s k\u00f6zben a fej\u00e9t is beverhette.<\/p>\n\n\n\n<p class=\"wp-block-paragraph\">Az Orsz\u00e1gos Ment\u0151szolg\u00e1lat a helysz\u00ednen meg\u00e1llap\u00edtotta a f\u00e9rfi hal\u00e1l\u00e1t.<\/p>\n\n\n\n<blockquote class=\"wp-block-quote is-layout-flow wp-block-quote-is-layout-flow\">\n<p class=\"wp-block-paragraph\">\u201eA helysz\u00ednen bajt\u00e1rsaink egy f\u00e9rfi hal\u00e1l\u00e1nak t\u00e9ny\u00e9t \u00e1llap\u00edtott\u00e1k meg\u201d<\/p>\n<\/blockquote>\n\n\n\n<p class=\"wp-block-paragraph\">\u2013 v\u00e1laszolta a <a href=\"https:\/\/szeged365.hu\/2026\/09\/01\/halaleset-szegeden-egy-munkas-esett-le-a-rakoczi-teri-kormanyhivatalrol-a-rendorseg-nyomozast-inditott\/\" data-type=\"link\" data-id=\"https:\/\/szeged365.hu\/2026\/09\/01\/halaleset-szegeden-egy-munkas-esett-le-a-rakoczi-teri-kormanyhivatalrol-a-rendorseg-nyomozast-inditott\/\" target=\"_blank\" rel=\"noopener\">lap<\/a> megkeres\u00e9s\u00e9re az Orsz\u00e1gos Ment\u0151szolg\u00e1lat.<\/p>\n\n\n\n<p class=\"wp-block-paragraph\">A Csongr\u00e1d-Csan\u00e1d Megyei Rend\u0151r-f\u0151kapit\u00e1nys\u00e1g foglalkoz\u00e1s k\u00f6r\u00e9ben elk\u00f6vetett hal\u00e1lt okoz\u00f3 gondatlan vesz\u00e9lyeztet\u00e9s v\u00e9ts\u00e9ge miatt, szak\u00e9rt\u0151k bevon\u00e1s\u00e1val ind\u00edtott nyomoz\u00e1st.<\/p>\n\n\n\n<p class=\"wp-block-paragraph\">A Csongr\u00e1d-Csan\u00e1d Megyei Korm\u00e1nyhivatal szint\u00e9n <a href=\"https:\/\/www.facebook.com\/100064618152542\/posts\/1481852590645332\/?rdid=WxqXzF1K9ouJAx6W#\" target=\"_blank\" rel=\"noopener\">k\u00f6zlem\u00e9nyt<\/a> adott ki a t\u00f6rt\u00e9ntekr\u0151l. Ebb\u0151l kider\u00fcl, hogy a szegedi, R\u00e1k\u00f3czi t\u00e9ri f\u0151\u00e9p\u00fclet \u00fcvegfel\u00fcleteinek tiszt\u00edt\u00e1s\u00e1val megb\u00edzott v\u00e1llalkoz\u00f3 egyik munkav\u00e1llal\u00f3ja szenvedett hal\u00e1los kimenetel\u0171 munkabalesetet. Hozz\u00e1tett\u00e9k, hogy a k\u00f6r\u00fclm\u00e9nyeket a korm\u00e1nyhivatal Foglalkoztat\u00e1si, Foglalkoztat\u00e1s-fel\u00fcgyeleti \u00e9s Munkav\u00e9delmi F\u0151oszt\u00e1ly\u00e1nak szakemberei is vizsg\u00e1lj\u00e1k, az \u00fcgy r\u00e9szleteir\u0151l pedig csak a vizsg\u00e1lat lez\u00e1rulta ut\u00e1n adnak tov\u00e1bbi t\u00e1j\u00e9koztat\u00e1st, emellett r\u00e9szv\u00e9t\u00fcket fejezt\u00e9k ki az elhunyt hozz\u00e1tartoz\u00f3inak.<\/p>\n\n\n\n<figure class=\"wp-block-embed is-type-rich is-provider-facebook wp-block-embed-facebook\"><div class=\"wp-block-embed__wrapper\">\n<div id=\"fb-root\"><\/div><script async=\"1\" defer=\"1\" crossorigin=\"anonymous\" src=\"https:\/\/connect.facebook.net\/hu_HU\/sdk.js#xfbml=1&amp;version=v26.0\"><\/script><div class=\"fb-post\" data-href=\"https:\/\/www.facebook.com\/csongradcsanadmegyeikormanyhivatal\/posts\/pfbid0iHVjQztn2NWkMzYCJ4xzkQ1SKQeTbpkDQcEqTqYptWwYo3qgVLtKP1jzJ2shk2dol\" data-width=\"500\"><\/div>\n<\/div><\/figure>","protected":false},"excerpt":{"rendered":"<p>Tragikus munkabaleset t\u00f6rt\u00e9nt Szegeden: a R\u00e1k\u00f3czi t\u00e9ri korm\u00e1nyhivatal \u00e9p\u00fclet\u00e9r\u0151l lezuhant egy ablakpucol\u00f3 munk\u00e1s kedden, a rend\u0151rs\u00e9g nyomoz\u00e1st ind\u00edtott.<\/p>","protected":false},"author":2,"featured_media":6353,"comment_status":"open","ping_status":"open","sticky":false,"template":"","format":"standard","meta":{"_gspb_post_css":"","_zh_crosspost_remote_site":"zsaruhirek","_zh_crosspost_remote_post_id":"86855","_zh_crosspost_last_sync_at":"2026-09-01 19:51:57","_zh_crosspost_last_sync_direction":"zsaruhirek_to_zemino","footnotes":""},"categories":[31],"tags":[3379,3380,3381,1398,3382,953,3383,204],"class_list":["post-6352","post","type-post","status-publish","format-standard","has-post-thumbnail","hentry","category-belfold","tag-csongrad-csanad-megyei-kormanyhivatal","tag-csongrad-csanad-megyei-rendor-fokapitanysag","tag-halaleset","tag-mb","tag-munkabaleset","tag-orszagos-mentoszolgalat","tag-rakoczi-ter","tag-szeged"],"_links":{"self":[{"href":"https:\/\/zemino.hu\/ro\/wp-json\/wp\/v2\/posts\/6352","targetHints":{"allow":["GET"]}}],"collection":[{"href":"https:\/\/zemino.hu\/ro\/wp-json\/wp\/v2\/posts"}],"about":[{"href":"https:\/\/zemino.hu\/ro\/wp-json\/wp\/v2\/types\/post"}],"author":[{"embeddable":true,"href":"https:\/\/zemino.hu\/ro\/wp-json\/wp\/v2\/users\/2"}],"replies":[{"embeddable":true,"href":"https:\/\/zemino.hu\/ro\/wp-json\/wp\/v2\/comments?post=6352"}],"version-history":[{"count":1,"href":"https:\/\/zemino.hu\/ro\/wp-json\/wp\/v2\/posts\/6352\/revisions"}],"predecessor-version":[{"id":6357,"href":"https:\/\/zemino.hu\/ro\/wp-json\/wp\/v2\/posts\/6352\/revisions\/6357"}],"wp:featuredmedia":[{"embeddable":true,"href":"https:\/\/zemino.hu\/ro\/wp-json\/wp\/v2\/media\/6353"}],"wp:attachment":[{"href":"https:\/\/zemino.hu\/ro\/wp-json\/wp\/v2\/media?parent=6352"}],"wp:term":[{"taxonomy":"category","embeddable":true,"href":"https:\/\/zemino.hu\/ro\/wp-json\/wp\/v2\/categories?post=6352"},{"taxonomy":"post_tag","embeddable":true,"href":"https:\/\/zemino.hu\/ro\/wp-json\/wp\/v2\/tags?post=6352"}],"curies":[{"name":"wp","href":"https:\/\/api.w.org\/{rel}","templated":true}]}}