{"id":6358,"date":"2026-09-02T06:18:27","date_gmt":"2026-09-02T04:18:27","guid":{"rendered":"https:\/\/zemino.hu\/?p=6358"},"modified":"2026-09-02T06:18:28","modified_gmt":"2026-09-02T04:18:28","slug":"kegyelmi-botrany-vizsgalo-bizottsag","status":"publish","type":"post","link":"https:\/\/zemino.hu\/ro\/kozelet\/2026\/09\/02\/kegyelmi-botrany-vizsgalo-bizottsag\/","title":{"rendered":"\u00d6ssze\u00fcl a kegyelmi botr\u00e1nyt vizsg\u00e1l\u00f3 parlamenti bizotts\u00e1g: k\u00e9nyszer\u00edt\u00e9ssel is el\u00e9rhetik a tan\u00fak megjelen\u00e9s\u00e9t"},"content":{"rendered":"<p class=\"wp-block-paragraph\"><strong>Szerd\u00e1n d\u00e9lut\u00e1n megtartja els\u0151, alakul\u00f3 \u00fcl\u00e9s\u00e9t a kegyelmi \u00fcgy h\u00e1tter\u00e9nek tiszt\u00e1z\u00e1s\u00e1ra l\u00e9trehozott parlamenti vizsg\u00e1l\u00f3bizotts\u00e1g. A Tisza P\u00e1rt kezdem\u00e9nyez\u00e9s\u00e9re fel\u00e1ll\u00edtott test\u00fclet ak\u00e1r el\u0151vezet\u00e9ssel is kik\u00e9nyszer\u00edtheti az \u00e9rintettek jelenl\u00e9t\u00e9t a meghallgat\u00e1sokon.<\/strong><\/p>\n\n\n\n<p class=\"wp-block-paragraph\">Szerd\u00e1n 14 \u00f3r\u00e1t\u00f3l kezdi meg a munk\u00e1j\u00e1t a Kegyelmi Botr\u00e1ny Felel\u0151seit Felt\u00e1r\u00f3 Vizsg\u00e1l\u00f3bizotts\u00e1g, amelynek fel\u00e1ll\u00edt\u00e1s\u00e1r\u00f3l m\u00e9g m\u00e1jus v\u00e9g\u00e9n, a Tisza-frakci\u00f3 kezdem\u00e9nyez\u00e9s\u00e9re d\u00f6nt\u00f6tt az Orsz\u00e1ggy\u0171l\u00e9s \u2013 sz\u00e1molt be a fejlem\u00e9nyekr\u0151l az <a href=\"https:\/\/index.hu\/belfold\/2026\/09\/02\/orszaggyules-parlament-vizsgalobizottsag-kegyelmi-ugy-novak-katalin-varga-judit-tisza-part\/\" target=\"_blank\" rel=\"noopener\">Index<\/a>. A k\u00e9pvisel\u0151k kor\u00e1bban egy olyan javaslatot is megszavaztak, amely szigor\u00fabb eszk\u00f6z\u00f6ket ad a vizsg\u00e1l\u00f3bizotts\u00e1gok kez\u00e9be: a hat\u00e9konyabb munkav\u00e9gz\u00e9s \u00e9rdek\u00e9ben p\u00e9nzb\u00fcntet\u00e9ssel, vagy sz\u00fcks\u00e9g eset\u00e9n ak\u00e1r rend\u0151ri el\u0151vezet\u00e9ssel is biztos\u00edthatj\u00e1k az id\u00e9zettek megjelen\u00e9s\u00e9t az \u00fcl\u00e9seken.<\/p>\n\n\n\n<p class=\"wp-block-paragraph\">A bizotts\u00e1g eln\u00f6ki tiszts\u00e9g\u00e9t Schummer Orsolya (Tisza) t\u00f6lti be, m\u00edg az aleln\u00f6ki poz\u00edci\u00f3kat az ellenz\u00e9ki Zsig\u00f3 R\u00f3bert (Fidesz) \u00e9s Nov\u00e1k El\u0151d (Mi Haz\u00e1nk) l\u00e1tj\u00e1k el. A test\u00fclet tov\u00e1bbi tagjai Borics Mih\u00e1ly (Tisza), Kal\u00e1zdi-Kerekes Kinga (Tisza), valamint az ellenz\u00e9ki M\u00e1th\u00e9 Zsuzsa (KDNP). Az alakul\u00f3 \u00fcl\u00e9s napirendj\u00e9n az \u00fcgyrend \u00e9s a munkaterv megvitat\u00e1sa, illetve lehet\u0151s\u00e9g szerinti elfogad\u00e1sa szerepel, emellett a k\u00e9pvisel\u0151k el\u0151zetesen meghat\u00e1rozz\u00e1k a vizsg\u00e1lathoz sz\u00fcks\u00e9ges iratok k\u00f6r\u00e9t is.<\/p>\n\n\n\n<p class=\"wp-block-paragraph\">A vizsg\u00e1lat alapj\u00e1ul szolg\u00e1l\u00f3 \u00fcgy kor\u00e1bban Nov\u00e1k Katalin k\u00f6zt\u00e1rsas\u00e1gi eln\u00f6k lemond\u00e1s\u00e1hoz \u00e9s Varga Judit k\u00f6z\u00e9leti visszavonul\u00e1s\u00e1hoz vezetett. Magyar P\u00e9ter, aki a kegyelmi botr\u00e1ny kirobban\u00e1s\u00e1t k\u00f6vet\u0151en v\u00e1llalt ellenz\u00e9ki politikai szerepet, m\u00e1jusban t\u00f6bb, az \u00fcggyel kapcsolatos dokumentumot is nyilv\u00e1noss\u00e1gra hozott. <\/p>\n\n\n\n<p class=\"wp-block-paragraph\">A minisztereln\u00f6k \u00e1ltal bemutatott iratok tan\u00fas\u00e1ga szerint Varga Judit t\u00f6bb esetben sem javasolta K. Endre kegyelmi k\u00e9rv\u00e9ny\u00e9nek al\u00e1\u00edr\u00e1s\u00e1t. Nov\u00e1k Katalin akkori \u00e1llamf\u0151 azonban valamilyen okb\u00f3l kifoly\u00f3lag m\u00e9gis t\u00e1mogatta a kegyelem megad\u00e1s\u00e1t, amit k\u00e9s\u0151bb Varga Judit ellenjegyzett. Magyar P\u00e9ter felsz\u00f3l\u00edt\u00e1s\u00e1ra Sulyok Tam\u00e1s k\u00f6zt\u00e1rsas\u00e1gi eln\u00f6k is k\u00f6zz\u00e9tette a S\u00e1ndor-palota vonatkoz\u00f3 dokumentumait, aminek eleget tett. Ezekb\u0151l a pap\u00edrokb\u00f3l az is kider\u00fclt, hogy Nov\u00e1k Katalin k\u00f6zvetlen munkat\u00e1rsai sem javasolt\u00e1k a kegyelem megad\u00e1s\u00e1t.<\/p>","protected":false},"excerpt":{"rendered":"<p>Megkezdi munk\u00e1j\u00e1t a kegyelmi botr\u00e1nyt vizsg\u00e1l\u00f3 parlamenti bizotts\u00e1g. Az \u00e9rintettek megjelen\u00e9s\u00e9t ak\u00e1r rend\u0151ri el\u0151vezet\u00e9ssel is kik\u00e9nyszer\u00edthetik.<\/p>","protected":false},"author":7,"featured_media":6360,"comment_status":"open","ping_status":"open","sticky":false,"template":"","format":"standard","meta":{"_gspb_post_css":"","_zh_crosspost_remote_site":"zsaruhirek","_zh_crosspost_remote_post_id":"86888","_zh_crosspost_last_sync_at":"2026-09-02 06:21:49","_zh_crosspost_last_sync_direction":"zemino_to_zsaruhirek","footnotes":""},"categories":[326],"tags":[3301,515,166,655,250,1038,502,400,494,248,498,1331],"class_list":["post-6358","post","type-post","status-publish","format-standard","has-post-thumbnail","hentry","category-kozelet","tag-bicske","tag-fidesz","tag-kdnp","tag-kegyelmi-ugy","tag-magyar-peter","tag-mi-hazank","tag-novak-katalin","tag-orszaggyules","tag-sulyok-tamas","tag-tisza-part","tag-varga-judit","tag-vizsgalobizottsag"],"_links":{"self":[{"href":"https:\/\/zemino.hu\/ro\/wp-json\/wp\/v2\/posts\/6358","targetHints":{"allow":["GET"]}}],"collection":[{"href":"https:\/\/zemino.hu\/ro\/wp-json\/wp\/v2\/posts"}],"about":[{"href":"https:\/\/zemino.hu\/ro\/wp-json\/wp\/v2\/types\/post"}],"author":[{"embeddable":true,"href":"https:\/\/zemino.hu\/ro\/wp-json\/wp\/v2\/users\/7"}],"replies":[{"embeddable":true,"href":"https:\/\/zemino.hu\/ro\/wp-json\/wp\/v2\/comments?post=6358"}],"version-history":[{"count":1,"href":"https:\/\/zemino.hu\/ro\/wp-json\/wp\/v2\/posts\/6358\/revisions"}],"predecessor-version":[{"id":6361,"href":"https:\/\/zemino.hu\/ro\/wp-json\/wp\/v2\/posts\/6358\/revisions\/6361"}],"wp:featuredmedia":[{"embeddable":true,"href":"https:\/\/zemino.hu\/ro\/wp-json\/wp\/v2\/media\/6360"}],"wp:attachment":[{"href":"https:\/\/zemino.hu\/ro\/wp-json\/wp\/v2\/media?parent=6358"}],"wp:term":[{"taxonomy":"category","embeddable":true,"href":"https:\/\/zemino.hu\/ro\/wp-json\/wp\/v2\/categories?post=6358"},{"taxonomy":"post_tag","embeddable":true,"href":"https:\/\/zemino.hu\/ro\/wp-json\/wp\/v2\/tags?post=6358"}],"curies":[{"name":"wp","href":"https:\/\/api.w.org\/{rel}","templated":true}]}}