{"id":6362,"date":"2026-09-02T06:27:27","date_gmt":"2026-09-02T04:27:27","guid":{"rendered":"https:\/\/zemino.hu\/?p=6362"},"modified":"2026-09-02T06:27:28","modified_gmt":"2026-09-02T04:27:28","slug":"unios-forrasok-hazahozatala-mathe-zsuzsanna","status":"publish","type":"post","link":"https:\/\/zemino.hu\/ro\/kozelet\/2026\/09\/02\/unios-forrasok-hazahozatala-mathe-zsuzsanna\/","title":{"rendered":"M\u00e1th\u00e9 Zsuzsa: Meg\u00e9rett a helyzet az uni\u00f3s milli\u00e1rdok kommunik\u00e1ci\u00f3ja \u00e9s a val\u00f3s\u00e1g k\u00f6z\u00f6tti fesz\u00fclts\u00e9g t\u00e1lal\u00e1s\u00e1ra"},"content":{"rendered":"\n<p class=\"wp-block-paragraph\"><strong>\u00dajra kider\u00fclt, hogy az uni\u00f3s forr\u00e1sok m\u00e9g a l\u00e1that\u00e1ron sincsenek, mik\u00f6zben a korm\u00e1nyzat kommunik\u00e1ci\u00f3ja \u00e9s a val\u00f3s\u00e1g h\u00f3napok \u00f3ta fesz\u00fclts\u00e9gben \u00e1ll egym\u00e1ssal \u2013 v\u00e9lekedett a t\u00e9m\u00e1r\u00f3l sz\u00f3l\u00f3 k\u00f6z\u00f6ss\u00e9gi oldal\u00e1n M\u00e1th\u00e9 Zsuzsanna, a KDNP orsz\u00e1ggy\u0171l\u00e9si k\u00e9pvisel\u0151je.<\/strong><\/p>\n\n\n\n<p class=\"wp-block-paragraph\">\u00c1ll\u00e1spontja szerint a megsz\u00e1ml\u00e1lhatatlan gy\u0151zelmi jelent\u00e9s ut\u00e1n mostanra vil\u00e1goss\u00e1 v\u00e1lt, hogy a p\u00e9nzek m\u00e9g messze vannak. Az Eur\u00f3pai Bizotts\u00e1g k\u00f6zl\u00e9se szerint mind\u00f6ssze a hivatalos kifizet\u00e9si k\u00e9relmek bead\u00e1sa veszi kezdet\u00e9t, ut\u00e1na tal\u00e1n az \u00e9rdemi b\u00edr\u00e1lat is elk\u00f6vetkezhet. Emiatt mire ezekb\u0151l val\u00f3di teljes\u00fcl\u00e9s k\u00f6vetkezik, addigra m\u00e9g vagy 15 alkalommal bejelentheti Magyar P\u00e9ter \u00e9s\/vagy Vit\u00e9zy D\u00e1vid a kulissz\u00e1k el\u0151tt, hogy \u0151k a v\u00e1laszt\u00e1s ut\u00e1n azonnal hazahozt\u00e1k a Magyarorsz\u00e1gnak j\u00e1r\u00f3 \u00f6sszegeket.<\/p>\n\n\n\n<p class=\"wp-block-paragraph\">M\u00e1th\u00e9 <a href=\"https:\/\/www.facebook.com\/mathezsu\/posts\/pfbid0WKo1GtTSrorvzCo1dYG1xqj5X3wgq1MHSsstT3G3YKASXq7UdNs7pXdD9ydxgXexl?__cft__[0]=AZgl48lAiXI48rCZkGeT708FW6ZlR1w-e9RAgSPOm1tR9E9DRC_ijJdUatgIr7PvuO0plw3z7rv_mGkLtzNvBHNmIrJJVFNSl1isKQyDEvuu88c2vIBifMhvUotv33HkqHJUpFyX1OTJ9RvyyjAXV0co9g&amp;__tn__=%2CO%2CP-R\" target=\"_blank\" rel=\"noopener\">posztj\u00e1ban kifejtette<\/a>, hogy egy val\u00f3di nemzeti \u00e9rdekek alapj\u00e1n m\u0171k\u00f6d\u0151 \u00e9s embers\u00e9ges korm\u00e1nyzat sz\u00e1m\u00e1ra e forr\u00e1sok hazahozatalakor nem lehetne mell\u00e9kes, hogy olyan projektekre ford\u00edthass\u00e1k az \u00f6sszegeket, amelyekb\u0151l a magyar c\u00e9gek, v\u00e1llalkoz\u00e1sok, \u00e9s vel\u00fck a magyar emberek profit\u00e1lni tudnak, hiszen \u00edgy jelenthetn\u00e9nek val\u00f3di l\u00f6k\u00e9st a nemzetgazdas\u00e1gnak. A jelenlegi konstrukci\u00f3 szerint azonban \u2013 ha egyszer t\u00e9nyleg meg\u00e9rkeznek ezek a forr\u00e1sok \u2013 a haszon\u00e9lvez\u0151k j\u00f3r\u00e9szt k\u00fclf\u00f6ldi c\u00e9gek lesznek, azaz a p\u00e9nz nagy r\u00e9sze csak ideiglenesen tart\u00f3zkodik majd haz\u00e1nkban. A vitathat\u00f3 hasznoss\u00e1g\u00fa sz\u00e9lkerekek maradnak idomtalan form\u00e1jukkal \u00e9s k\u00e9rd\u0151jeleikkel, \u00e1m telep\u00edteni \u00e9s karbantartani csak k\u00fclf\u00f6ldi c\u00e9gek tudj\u00e1k \u0151ket, \u00edgy a hasznok azonnal t\u00e1voznak az orsz\u00e1gb\u00f3l a nyugati sz\u00e1ml\u00e1kra.<\/p>\n\n\n\n<p class=\"wp-block-paragraph\">A politiks szerint ideje mindenkinek szak\u00edtania azzal az ill\u00fazi\u00f3val, hogy Magyar P\u00e9ter \u00e9s Vit\u00e9zy D\u00e1vid kedv\u00e9\u00e9rt az EU a magyar emberek \u00e9rdekei szerint ad p\u00e9nzt, hiszen ennek k\u0151kem\u00e9ny szuverenit\u00e1si \u00e9s gazdas\u00e1gi \u00e1ra van. Orb\u00e1n Viktor ezt szerette volna egy politikai man\u0151verrel megker\u00fclni, \u00e9s a h\u00e9t\u00e9ves k\u00f6lts\u00e9gvet\u00e9s megszavaz\u00e1s\u00e1nak felt\u00e9telek\u00e9nt, alkuk n\u00e9lk\u00fcl hazahozni a nek\u00fcnk j\u00e1r\u00f3 \u00f6sszegeket, \u00e1m ez nem \u00edgy t\u00f6rt\u00e9nt.<\/p>\n\n\n\n<p class=\"wp-block-paragraph\">Koll\u00e1r King\u00e1val ellent\u00e9tben ellenz\u00e9kb\u0151l is az\u00e9rt szurkol, hogy \u2013 m\u00e9g ha ilyen felem\u00e1s eredm\u00e9nyekkel is, de \u2013 mihamarabb megkapjuk a politikai zsarol\u00e1s miatt visszatartott forr\u00e1sokat. Ugyanakkor egyre kellemetlenebb l\u00e1tni, amit e haza m\u00e9g nem hozott p\u00e9nzek kapcs\u00e1n el\u0151ad a korm\u00e1nyzat az emberek bolond\u00edt\u00e1s\u00e1ra. Kevesebb besz\u00e9d, t\u00f6bb \u00e9rdemi munka \u00e9s sokkal hat\u00e1rozottabb nemzeti \u00e9rdek\u00e9rv\u00e9nyes\u00edt\u00e9s kellene. A minisztereln\u00f6k idehaza naponta mutatja be harciass\u00e1g\u00e1t, de ideje lenne l\u00e1tni, mire megy e k\u00e9pess\u00e9g\u00e9vel a val\u00f3di kih\u00edv\u00e1st jelent\u0151, igazi t\u00e9ttel b\u00edr\u00f3 br\u00fcsszeli terepen, ahol tisz\u00e1s \u00e9s ellenz\u00e9ki egyar\u00e1nt kem\u00e9nys\u00e9get v\u00e1rna el t\u0151le, hiszen az itthoni produkci\u00f3k \u00e9s a te\u00e1tr\u00e1lis bejelent\u00e9sek szavatoss\u00e1ga lej\u00e1rt.<\/p>\n\n\n\n<figure class=\"wp-block-embed is-type-rich is-provider-facebook wp-block-embed-facebook\"><div class=\"wp-block-embed__wrapper\">\n<div id=\"fb-root\"><\/div><script async=\"1\" defer=\"1\" crossorigin=\"anonymous\" src=\"https:\/\/connect.facebook.net\/hu_HU\/sdk.js#xfbml=1&amp;version=v26.0\"><\/script><div class=\"fb-post\" data-href=\"https:\/\/www.facebook.com\/mathezsu\/posts\/pfbid0WKo1GtTSrorvzCo1dYG1xqj5X3wgq1MHSsstT3G3YKASXq7UdNs7pXdD9ydxgXexl\" data-width=\"500\"><\/div>\n<\/div><\/figure>\n","protected":false},"excerpt":{"rendered":"<p>Mathe Zsuzsanna szerint a korm\u00e1nyzati kommunik\u00e1ci\u00f3 \u00e9s a val\u00f3s\u00e1g fesz\u00fclts\u00e9gben \u00e1ll az uni\u00f3s forr\u00e1sok hazahozatala kapcs\u00e1n, amelyek m\u00e9g a l\u00e1that\u00e1ron sincsenek.<\/p>","protected":false},"author":7,"featured_media":3242,"comment_status":"open","ping_status":"open","sticky":false,"template":"","format":"standard","meta":{"_gspb_post_css":"","_zh_crosspost_remote_site":"","_zh_crosspost_remote_post_id":"","_zh_crosspost_last_sync_at":"","_zh_crosspost_last_sync_direction":"","footnotes":""},"categories":[326],"tags":[2196,509,250,3384,293,950,316],"class_list":["post-6362","post","type-post","status-publish","format-standard","has-post-thumbnail","hentry","category-kozelet","tag-brusszel","tag-europai-bizottsag","tag-magyar-peter","tag-mathe-zsuzsanna","tag-orban-viktor","tag-unios-forrasok","tag-vitezy-david"],"_links":{"self":[{"href":"https:\/\/zemino.hu\/ro\/wp-json\/wp\/v2\/posts\/6362","targetHints":{"allow":["GET"]}}],"collection":[{"href":"https:\/\/zemino.hu\/ro\/wp-json\/wp\/v2\/posts"}],"about":[{"href":"https:\/\/zemino.hu\/ro\/wp-json\/wp\/v2\/types\/post"}],"author":[{"embeddable":true,"href":"https:\/\/zemino.hu\/ro\/wp-json\/wp\/v2\/users\/7"}],"replies":[{"embeddable":true,"href":"https:\/\/zemino.hu\/ro\/wp-json\/wp\/v2\/comments?post=6362"}],"version-history":[{"count":1,"href":"https:\/\/zemino.hu\/ro\/wp-json\/wp\/v2\/posts\/6362\/revisions"}],"predecessor-version":[{"id":6365,"href":"https:\/\/zemino.hu\/ro\/wp-json\/wp\/v2\/posts\/6362\/revisions\/6365"}],"wp:featuredmedia":[{"embeddable":true,"href":"https:\/\/zemino.hu\/ro\/wp-json\/wp\/v2\/media\/3242"}],"wp:attachment":[{"href":"https:\/\/zemino.hu\/ro\/wp-json\/wp\/v2\/media?parent=6362"}],"wp:term":[{"taxonomy":"category","embeddable":true,"href":"https:\/\/zemino.hu\/ro\/wp-json\/wp\/v2\/categories?post=6362"},{"taxonomy":"post_tag","embeddable":true,"href":"https:\/\/zemino.hu\/ro\/wp-json\/wp\/v2\/tags?post=6362"}],"curies":[{"name":"wp","href":"https:\/\/api.w.org\/{rel}","templated":true}]}}