{"id":6367,"date":"2026-09-02T06:40:05","date_gmt":"2026-09-02T04:40:05","guid":{"rendered":"https:\/\/zemino.hu\/?p=6367"},"modified":"2026-09-02T06:40:06","modified_gmt":"2026-09-02T04:40:06","slug":"nemeth-balazs-szeleromuvek-kisalfold-tisza","status":"publish","type":"post","link":"https:\/\/zemino.hu\/ro\/belfold\/2026\/09\/02\/nemeth-balazs-szeleromuvek-kisalfold-tisza\/","title":{"rendered":"N\u00e9meth Bal\u00e1zs b\u00edr\u00e1lta a sz\u00e9ler\u0151m\u0171vek telep\u00edt\u00e9s\u00e9re vonatkoz\u00f3 korm\u00e1nyzati terveket"},"content":{"rendered":"\n<p class=\"wp-block-paragraph\"><strong>N\u00e9meth Bal\u00e1zs k\u00f6z\u00f6ss\u00e9gi oldal\u00e1n k\u00f6zz\u00e9tett vide\u00f3j\u00e1ban b\u00edr\u00e1lta a Tisza P\u00e1rt energiapolitikai elk\u00e9pzel\u00e9seit, hib\u00e1nak nevezve a sz\u00e9lkerekek kiterjedt hazai telep\u00edt\u00e9s\u00e9t. Az ellenz\u00e9ki politikus a Kisalf\u00f6ld\u00f6n forgatott felv\u00e9telen azt \u00e1ll\u00edtotta, hogy a kapacit\u00e1sb\u0151v\u00edt\u00e9s val\u00f3j\u00e1ban k\u00fclf\u00f6ldi befektet\u0151k \u00e9rdekeit szolg\u00e1ln\u00e1. A korm\u00e1nyoldal r\u00e9sz\u00e9r\u0151l Magyar P\u00e9ter \u00e9s Kapit\u00e1ny Istv\u00e1n kor\u00e1bban a hazai energiamix z\u00f6ld\u00edt\u00e9s\u00e9vel \u00e9s a meg\u00fajul\u00f3 forr\u00e1sok ar\u00e1ny\u00e1nak n\u00f6vel\u00e9s\u00e9vel indokolta a terveket.<\/strong><\/p>\n\n\n\n<p class=\"wp-block-paragraph\">A politikus a Kisalf\u00f6ld\u00f6n, m\u0171k\u00f6d\u0151 sz\u00e9ler\u0151m\u0171vek el\u0151tt k\u00e9sz\u00edtett vide\u00f3t, amelyben arr\u00f3l besz\u00e9lt, hogy az \u00e9l\u00e9nk \u00e9szaknyugati sz\u00e9lben forg\u00f3 berendez\u00e9sek jelenleg is r\u00e9szei a hazai villamosenergia-rendszernek. \u00c9rt\u00e9kel\u00e9se szerint ez\u00e9rt nem felel meg a val\u00f3s\u00e1gnak a korm\u00e1nyp\u00e1rt azon narrat\u00edv\u00e1ja, miszerint eddig nem l\u00e9tezett volna sz\u00e9ler\u0151m\u0171ves energiatermel\u00e9s Magyarorsz\u00e1gon.<\/p>\n\n\n\n<p class=\"wp-block-paragraph\">N\u00e9meth Bal\u00e1zs \u00e1ll\u00edt\u00e1sa szerint a korm\u00e1nyzat \u00e1ltal szorgalmazott nagyszab\u00e1s\u00fa telep\u00edt\u00e9si hull\u00e1m felesleges \u00e9s k\u00e1ros ir\u00e1ny. A felv\u00e9telen kifejtette v\u00e9lem\u00e9ny\u00e9t a korm\u00e1nyp\u00e1rti tervekr\u0151l:<\/p>\n\n\n\n<blockquote class=\"wp-block-quote is-layout-flow wp-block-quote-is-layout-flow\">\n<p class=\"wp-block-paragraph\">\u201e\u00c9sz n\u00e9lk\u00fcl telesz\u00f3rni sz\u00e9ler\u0151m\u0171vekkel Magyarorsz\u00e1got egy \u00f3ri\u00e1si hiba! M\u00e9gis ezt tervezi Magyar P\u00e9ter \u00e9s Kapit\u00e1ny Istv\u00e1n, a K\u00dcLF\u00d6LDI BEFEKTET\u0150K NAGY \u00d6R\u00d6M\u00c9RE! De mit dikt\u00e1lna a magyar \u00e9rdek?\u201d<\/p>\n<\/blockquote>\n\n\n\n<p class=\"wp-block-paragraph\">A <a href=\"https:\/\/www.facebook.com\/reel\/1259850742885988\/?__cft__[0]=AZh97Qeem3FB-OQ49nPdeFzJ_eb8twyX-c3ZDZ9cIaaDpu8E-wb6Jxk6SdalqcVZCmAD09MpHVPlACeQ6_nEsnAkWopw5i13c502HLp7nofPZkrZUe0QLsYezlJb5B37ztyQaRuTIkix5aX_ArnPHVzlSnsgcERRT7MAAGu0GaPya-DjQ8vfWvaMCGIAHdEuQYOQH0E&amp;__tn__=%2CO%2CP-R\" target=\"_blank\" rel=\"noopener\">vide\u00f3ban<\/a> elhangzott b\u00edr\u00e1lat szerint a sz\u00e9ler\u0151m\u0171-kapacit\u00e1sok drasztikus b\u0151v\u00edt\u00e9se m\u00f6g\u00f6tt multinacion\u00e1lis \u00fczleti k\u00f6r\u00f6k \u00e1llhatnak, mik\u00f6zben a stabil hazai energiaell\u00e1t\u00e1s meg\u0151rz\u00e9se m\u00e1s megk\u00f6zel\u00edt\u00e9st ig\u00e9nyelne.<\/p>\n\n\n\n<p class=\"wp-block-paragraph\"><\/p>\n","protected":false},"excerpt":{"rendered":"<p>N\u00e9meth Bal\u00e1zs k\u00f6z\u00f6ss\u00e9gi oldal\u00e1n k\u00f6zz\u00e9tett vide\u00f3j\u00e1ban b\u00edr\u00e1lta a Tisza P\u00e1rt energiapolitikai elk\u00e9pzel\u00e9seit, hib\u00e1nak nevezve a sz\u00e9lkerekek kiterjedt hazai telep\u00edt\u00e9s\u00e9t. Az ellenz\u00e9ki politikus a Kisalf\u00f6ld\u00f6n forgatott felv\u00e9telen azt \u00e1ll\u00edtotta, hogy a kapacit\u00e1sb\u0151v\u00edt\u00e9s val\u00f3j\u00e1ban k\u00fclf\u00f6ldi befektet\u0151k \u00e9rdekeit szolg\u00e1ln\u00e1. A korm\u00e1nyoldal r\u00e9sz\u00e9r\u0151l Magyar P\u00e9ter \u00e9s Kapit\u00e1ny Istv\u00e1n kor\u00e1bban a hazai energiamix z\u00f6ld\u00edt\u00e9s\u00e9vel \u00e9s a meg\u00fajul\u00f3 forr\u00e1sok ar\u00e1ny\u00e1nak n\u00f6vel\u00e9s\u00e9vel\u2026<\/p>","protected":false},"author":2,"featured_media":6368,"comment_status":"open","ping_status":"open","sticky":false,"template":"","format":"standard","meta":{"_gspb_post_css":"","_zh_crosspost_remote_site":"","_zh_crosspost_remote_post_id":"","_zh_crosspost_last_sync_at":"","_zh_crosspost_last_sync_direction":"","_zh_crosspost_synced_images":"","footnotes":""},"categories":[31],"tags":[515,3387,632,3388,250,3390,1049,3389,248],"class_list":["post-6367","post","type-post","status-publish","format-standard","has-post-thumbnail","hentry","category-belfold","tag-fidesz","tag-gyor-moson-sopron-megye","tag-kapitany-istvan","tag-kisalfold","tag-magyar-peter","tag-megujulo-energia","tag-nemeth-balazs","tag-szeleromuvek","tag-tisza-part"],"_links":{"self":[{"href":"https:\/\/zemino.hu\/ro\/wp-json\/wp\/v2\/posts\/6367","targetHints":{"allow":["GET"]}}],"collection":[{"href":"https:\/\/zemino.hu\/ro\/wp-json\/wp\/v2\/posts"}],"about":[{"href":"https:\/\/zemino.hu\/ro\/wp-json\/wp\/v2\/types\/post"}],"author":[{"embeddable":true,"href":"https:\/\/zemino.hu\/ro\/wp-json\/wp\/v2\/users\/2"}],"replies":[{"embeddable":true,"href":"https:\/\/zemino.hu\/ro\/wp-json\/wp\/v2\/comments?post=6367"}],"version-history":[{"count":1,"href":"https:\/\/zemino.hu\/ro\/wp-json\/wp\/v2\/posts\/6367\/revisions"}],"predecessor-version":[{"id":6369,"href":"https:\/\/zemino.hu\/ro\/wp-json\/wp\/v2\/posts\/6367\/revisions\/6369"}],"wp:featuredmedia":[{"embeddable":true,"href":"https:\/\/zemino.hu\/ro\/wp-json\/wp\/v2\/media\/6368"}],"wp:attachment":[{"href":"https:\/\/zemino.hu\/ro\/wp-json\/wp\/v2\/media?parent=6367"}],"wp:term":[{"taxonomy":"category","embeddable":true,"href":"https:\/\/zemino.hu\/ro\/wp-json\/wp\/v2\/categories?post=6367"},{"taxonomy":"post_tag","embeddable":true,"href":"https:\/\/zemino.hu\/ro\/wp-json\/wp\/v2\/tags?post=6367"}],"curies":[{"name":"wp","href":"https:\/\/api.w.org\/{rel}","templated":true}]}}