{"id":6374,"date":"2026-09-02T16:24:03","date_gmt":"2026-09-02T14:24:03","guid":{"rendered":"https:\/\/zemino.hu\/?p=6374"},"modified":"2026-09-02T16:24:03","modified_gmt":"2026-09-02T14:24:03","slug":"jogerosen-iteltek-a-sargareparakent-vasarlo-polgarmestert","status":"publish","type":"post","link":"https:\/\/zemino.hu\/ro\/villogos\/2026\/09\/02\/jogerosen-iteltek-a-sargareparakent-vasarlo-polgarmestert\/","title":{"rendered":"Joger\u0151sen el\u00edt\u00e9lt\u00e9k Buj\u00e1ki Ferenc polg\u00e1rmestert, aki s\u00e1rgar\u00e9pak\u00e9nt fizetett a leg\u00f3\u00e9rt az egri Tesc\u00f3ban"},"content":{"rendered":"<p class=\"wp-block-paragraph\"><strong>Kilencsz\u00e1zezer forintos p\u00e9nzb\u00fcntet\u00e9sre \u00edt\u00e9lte joger\u0151sen az Egri J\u00e1r\u00e1sb\u00edr\u00f3s\u00e1g Terpes polg\u00e1rmester\u00e9t, ami\u00e9rt az \u00f6nkiszolg\u00e1l\u00f3 kassz\u00e1n\u00e1l dr\u00e1ga term\u00e9kek helyett s\u00e1rgar\u00e9pa vonalk\u00f3dj\u00e1t haszn\u00e1lva v\u00e1s\u00e1rolt. Buj\u00e1ki Ferenc a b\u00edr\u00f3s\u00e1gon elismerte a b\u0171n\u00f6ss\u00e9g\u00e9t, tett\u00e9t pedig mag\u00e1n\u00e9leti probl\u00e9m\u00e1ival magyar\u00e1zta.<\/strong><\/p>\n\n\n\n<p class=\"wp-block-paragraph\">Folytat\u00f3lagosan megval\u00f3s\u00edtott, inform\u00e1ci\u00f3s rendszer felhaszn\u00e1l\u00e1s\u00e1val elk\u00f6vetett csal\u00e1s b\u0171ntette miatt mondta ki b\u0171n\u00f6snek a politikust a b\u00edr\u00f3s\u00e1g. Az \u00fcgy r\u00e9szleteib\u0151l kider\u00fcl, hogy a f\u00e9rfi az \u00fagynevezett \u201eban\u00e1ntr\u00fckk\u00f6t\u201d alkalmazta: \u00e9dess\u00e9get, mos\u00f3port \u00e9s h\u00e1rom doboz leg\u00f3t tett a kosar\u00e1ba, amelyek \u00f6sszesen k\u00f6zel \u00f6tvenezer forintot tettek ki, de a fizet\u00e9sn\u00e9l a s\u00e1rgar\u00e9pa k\u00f3dj\u00e1t olvasta le, \u00edgy kevesebb mint k\u00e9tezer forintot fizetett.<\/p>\n\n\n\n<p class=\"wp-block-paragraph\">A polg\u00e1rmestert m\u00e9g m\u00e1jus elej\u00e9n tart\u00f3ztatta fel az \u00fczlet biztons\u00e1gi \u0151re, a vizsg\u00e1lat sor\u00e1n pedig az is kider\u00fclt, hogy a m\u00f3dszert t\u00f6bbsz\u00f6r is bevetette. Az Egri T\u00f6rv\u00e9nysz\u00e9k t\u00e1j\u00e9koztat\u00e1sa szerint a b\u00edr\u00f3s\u00e1g a p\u00e9nzb\u00fcntet\u00e9s mellett k\u00e1rt\u00e9r\u00edt\u00e9s megfizet\u00e9s\u00e9re is k\u00f6telezte a v\u00e1dlottat, emellett az elj\u00e1r\u00e1sban felmer\u00fclt b\u0171n\u00fcgyi k\u00f6lts\u00e9get \u00e9s az illet\u00e9ket is \u00e1llnia kell.<\/p>\n\n\n\n<p class=\"wp-block-paragraph\">A t\u00f6rv\u00e9nysz\u00e9ki sz\u00f3viv\u0151t\u0151l sz\u00e1rmaz\u00f3 inform\u00e1ci\u00f3k szerint a v\u00e1dlott a b\u00edr\u00f3s\u00e1gon teljes k\u00f6r\u0171en elismerte a b\u0171n\u00f6ss\u00e9g\u00e9t, \u00e9s v\u00e1llalta a felel\u0151ss\u00e9get a t\u00f6rt\u00e9ntek\u00e9rt. Buj\u00e1ki Ferenc a vallom\u00e1s\u00e1ban mag\u00e1n\u00e9leti probl\u00e9m\u00e1ival indokolta a cselekm\u00e9ny\u00e9t.<\/p>\n\n\n<aside class=\"zemino-inline-related\" aria-label=\"Kapcsol\u00f3d\u00f3 cikkek\"><div class=\"zemino-inline-related__title\">M\u00e9g t\u00f6bb: <a class=\"zemino-inline-related__category-link\" href=\"https:\/\/zemino.hu\/ro\/category\/villogos\/\">Villog\u00f3s<\/a><\/div><ul class=\"zemino-inline-related__list\"><li class=\"zemino-inline-related__item\"><a class=\"zemino-inline-related__link\" href=\"https:\/\/zemino.hu\/ro\/villogos\/2026\/09\/01\/rendorok-szuletesnap-szolgalatmentes-nap\/\">A rend\u0151rs\u00e9g munkat\u00e1rsai mostant\u00f3l szabadnapot kapnak a sz\u00fclet\u00e9snapjukon<\/a><\/li><li class=\"zemino-inline-related__item\"><a class=\"zemino-inline-related__link\" href=\"https:\/\/zemino.hu\/ro\/villogos\/2026\/09\/01\/rendorseg-nyomozas-eximbank-gazdasagi-es-energetikai-miniszterium\/\">Nyomoz a rend\u0151rs\u00e9g az Eximbank ellen<\/a><\/li><li class=\"zemino-inline-related__item\"><a class=\"zemino-inline-related__link\" href=\"https:\/\/zemino.hu\/ro\/villogos\/2026\/09\/01\/nyuszimotorok-ugyben-zajlik-a-nyomozas-kim-200-millio\/\">Nyomoz\u00e1s indult a Kultur\u00e1lis \u00e9s Innov\u00e1ci\u00f3s Miniszt\u00e9rium t\u00fal\u00e1razott nyuszimotor-beszerz\u00e9se miatt<\/a><\/li><\/ul><\/aside>\n\n\n<p class=\"wp-block-paragraph\">Az \u00edt\u00e9let ellen egyik f\u00e9l sem fellebbezett, azt az \u00fcgy\u00e9sz, a v\u00e9d\u0151 \u00e9s a v\u00e1dlott is tudom\u00e1sul vette, \u00edgy a hat\u00e1rozat joger\u0151re emelkedett.<\/p>","protected":false},"excerpt":{"rendered":"<p>Joger\u0151sen 900 ezer forintos p\u00e9nzb\u00fcntet\u00e9sre \u00edt\u00e9lt\u00e9k Terpes polg\u00e1rmester\u00e9t, aki s\u00e1rgar\u00e9pa vonalk\u00f3dj\u00e1val fizetett leg\u00f3\u00e9rt az egri Tesc\u00f3ban.<\/p>","protected":false},"author":7,"featured_media":6373,"comment_status":"open","ping_status":"open","sticky":false,"template":"","format":"standard","meta":{"_gspb_post_css":"","_zh_crosspost_remote_site":"","_zh_crosspost_remote_post_id":"","_zh_crosspost_last_sync_at":"","_zh_crosspost_last_sync_direction":"","_zh_crosspost_synced_images":"","footnotes":""},"categories":[325],"tags":[765,3396,82,3397,3398,3395],"class_list":["post-6374","post","type-post","status-publish","format-standard","has-post-thumbnail","hentry","category-villogos","tag-birosag","tag-bujaki-ferenc","tag-csalas","tag-egri-jarasbirosag","tag-egri-torvenyszek","tag-terpes"],"_links":{"self":[{"href":"https:\/\/zemino.hu\/ro\/wp-json\/wp\/v2\/posts\/6374","targetHints":{"allow":["GET"]}}],"collection":[{"href":"https:\/\/zemino.hu\/ro\/wp-json\/wp\/v2\/posts"}],"about":[{"href":"https:\/\/zemino.hu\/ro\/wp-json\/wp\/v2\/types\/post"}],"author":[{"embeddable":true,"href":"https:\/\/zemino.hu\/ro\/wp-json\/wp\/v2\/users\/7"}],"replies":[{"embeddable":true,"href":"https:\/\/zemino.hu\/ro\/wp-json\/wp\/v2\/comments?post=6374"}],"version-history":[{"count":1,"href":"https:\/\/zemino.hu\/ro\/wp-json\/wp\/v2\/posts\/6374\/revisions"}],"predecessor-version":[{"id":6382,"href":"https:\/\/zemino.hu\/ro\/wp-json\/wp\/v2\/posts\/6374\/revisions\/6382"}],"wp:featuredmedia":[{"embeddable":true,"href":"https:\/\/zemino.hu\/ro\/wp-json\/wp\/v2\/media\/6373"}],"wp:attachment":[{"href":"https:\/\/zemino.hu\/ro\/wp-json\/wp\/v2\/media?parent=6374"}],"wp:term":[{"taxonomy":"category","embeddable":true,"href":"https:\/\/zemino.hu\/ro\/wp-json\/wp\/v2\/categories?post=6374"},{"taxonomy":"post_tag","embeddable":true,"href":"https:\/\/zemino.hu\/ro\/wp-json\/wp\/v2\/tags?post=6374"}],"curies":[{"name":"wp","href":"https:\/\/api.w.org\/{rel}","templated":true}]}}