{"id":6375,"date":"2026-09-02T16:21:23","date_gmt":"2026-09-02T14:21:23","guid":{"rendered":"https:\/\/zemino.hu\/?p=6375"},"modified":"2026-09-02T16:21:24","modified_gmt":"2026-09-02T14:21:24","slug":"gondosora-vizsgalat-naih","status":"publish","type":"post","link":"https:\/\/zemino.hu\/ro\/kozelet\/2026\/09\/02\/gondosora-vizsgalat-naih\/","title":{"rendered":"Adatv\u00e9delmi vizsg\u00e1latot kezdem\u00e9nyez a Tudom\u00e1nyos \u00e9s Technol\u00f3giai Miniszt\u00e9rium a Gondos\u00f3ra program \u00fcgy\u00e9ben"},"content":{"rendered":"\n<p class=\"wp-block-paragraph\"><strong>A tudom\u00e1nyos \u00e9s technol\u00f3giai miniszt\u00e9rium a Nemzeti Adatv\u00e9delmi \u00e9s Inform\u00e1ci\u00f3szabads\u00e1g Hat\u00f3s\u00e1ghoz (NAIH) fordul a Gondos\u00f3ra program gyan\u00fas adatkezel\u00e9se miatt, miut\u00e1n a t\u00e1rca vezet\u0151je szerint elegend\u0151 inform\u00e1ci\u00f3 gy\u0171lt \u00f6ssze az elj\u00e1r\u00e1s tiszt\u00e1z\u00e1s\u00e1ra<\/strong>.<\/p>\n\n\n\n<p class=\"wp-block-paragraph\">Tan\u00e1cs Zolt\u00e1n tudom\u00e1nyos \u00e9s technol\u00f3giai miniszter <a href=\"https:\/\/www.facebook.com\/tanacszoltan.tisza\/posts\/pfbid0TeVpMvs2ZQ2Kpa7WutJPtrsjpTaY1NLBhzAnmipXcpAmNpybhtWMYcSenSPiH7AHl?__cft__[0]=AZj-W0FxC7wPFWoV7qOz7TcId9B-f9aTyKxT-0ZB1ptqLgEGkzGmnh_gmee-n5R2ewPrvHqX5kNbTOmjqabBAwKL5U5agiNaxmY8Wj1cHhblwESJFJF8TBsJKDa9JK2RoMtd9Q5bVTrP_G22-bpJOByNyiKI4g&amp;__tn__=%2CO%2CP-R\" data-type=\"link\" data-id=\"https:\/\/www.facebook.com\/tanacszoltan.tisza\/posts\/pfbid0TeVpMvs2ZQ2Kpa7WutJPtrsjpTaY1NLBhzAnmipXcpAmNpybhtWMYcSenSPiH7AHl?__cft__[0]=AZj-W0FxC7wPFWoV7qOz7TcId9B-f9aTyKxT-0ZB1ptqLgEGkzGmnh_gmee-n5R2ewPrvHqX5kNbTOmjqabBAwKL5U5agiNaxmY8Wj1cHhblwESJFJF8TBsJKDa9JK2RoMtd9Q5bVTrP_G22-bpJOByNyiKI4g&amp;__tn__=%2CO%2CP-R\" target=\"_blank\" rel=\"noopener\">a k\u00f6z\u00f6ss\u00e9gi oldal\u00e1n \u00fagy fogalmazott<\/a>: <\/p>\n\n\n\n<blockquote class=\"wp-block-quote is-layout-flow wp-block-quote-is-layout-flow\">\n<p class=\"wp-block-paragraph\">\u201eelegend\u0151 inform\u00e1ci\u00f3 gy\u0171lt \u00f6ssze, \u00e9s felmer\u00fclt az alapos gyan\u00faja annak, hogy az adatkezel\u00e9s sor\u00e1n nem megfelel\u0151en j\u00e1rtak el\u201d. A miniszt\u00e9rium ezt k\u00f6vet\u0151en \u00e1tadja a NAIH-nak a relev\u00e1ns dokumentumokat \u00e9s inform\u00e1ci\u00f3kat. <\/p>\n<\/blockquote>\n\n\n\n<figure class=\"wp-block-embed is-type-wp-embed is-provider-zsaruh-rek wp-block-embed-zsaruh-rek\"><div class=\"wp-block-embed__wrapper\">\n<blockquote class=\"wp-embedded-content\" data-secret=\"CeLYbgTtHE\"><a href=\"https:\/\/zsaruhirek.hu\/bunugyek\/2026\/07\/16\/gondosora-program-feljelentes-integritas-hatosag\/\" target=\"_blank\" rel=\"noopener\">Feljelent\u00e9st tett az Integrit\u00e1s Hat\u00f3s\u00e1g a Gondos\u00f3ra-program kapcs\u00e1n t\u00f6bb b\u0171ncselekm\u00e9ny miatt<\/a><\/blockquote><iframe loading=\"lazy\" class=\"wp-embedded-content\" sandbox=\"allow-scripts\" security=\"restricted\" style=\"position: absolute; visibility: hidden;\" title=\"\u201cFeljelent\u00e9st tett az Integrit\u00e1s Hat\u00f3s\u00e1g a Gondos\u00f3ra-program kapcs\u00e1n t\u00f6bb b\u0171ncselekm\u00e9ny miatt\u201d \u2014 Zsaruh\u00edrek\" src=\"https:\/\/zsaruhirek.hu\/bunugyek\/2026\/07\/16\/gondosora-program-feljelentes-integritas-hatosag\/embed\/#?secret=isqRo3VAjr#?secret=CeLYbgTtHE\" data-secret=\"CeLYbgTtHE\" width=\"500\" height=\"282\" frameborder=\"0\" marginwidth=\"0\" marginheight=\"0\" scrolling=\"no\"><\/iframe>\n<\/div><\/figure>\n\n\n\n<p class=\"wp-block-paragraph\">Ezzel olyan k\u00e9rd\u00e9sekre keresik a v\u00e1laszt, hogy milyen szem\u00e9lyes adatok ker\u00fcltek \u00e1tad\u00e1sra, kik f\u00e9rtek ezekhez hozz\u00e1, mire haszn\u00e1lt\u00e1k \u0151ket, valamint kezelt\u00e9k-e az adatokat a szerz\u0151d\u00e9sben meghat\u00e1rozott c\u00e9lt\u00f3l elt\u00e9r\u0151en.<\/p>\n\n\n\n<p class=\"wp-block-paragraph\">Kor\u00e1bban Tan\u00e1cs bejelentette: a Fidesz hozz\u00e1f\u00e9rhetett a Gondos\u00f3ra program felhaszn\u00e1l\u00f3inak szem\u00e9lyes adataihoz. A program \u00e1tvil\u00e1g\u00edt\u00e1sa sor\u00e1n ugyanis egy 2025. november 3-\u00e1n, a Korm\u00e1nyzati Szolg\u00e1ltat\u00f3 K\u00f6zpont \u00e9s a Fidesz k\u00f6z\u00f6tt l\u00e9trej\u00f6tt egy\u00fcttm\u0171k\u00f6d\u00e9si meg\u00e1llapod\u00e1sra bukkantak. Tan\u00e1cs Zolt\u00e1n t\u00e1j\u00e9koztat\u00e1sa szerint ez a szerz\u0151d\u00e9s tette lehet\u0151v\u00e9, hogy a Fidesz adatfeldolgoz\u00f3k\u00e9nt vegyen r\u00e9szt a Gondos\u00f3ra programban.<\/p>\n\n\n<aside class=\"zemino-inline-related\" aria-label=\"Kapcsol\u00f3d\u00f3 cikkek\"><div class=\"zemino-inline-related__title\">M\u00e9g t\u00f6bb: <a class=\"zemino-inline-related__category-link\" href=\"https:\/\/zemino.hu\/ro\/category\/kozelet\/\">K\u00f6z\u00e9let<\/a><\/div><ul class=\"zemino-inline-related__list\"><li class=\"zemino-inline-related__item\"><a class=\"zemino-inline-related__link\" href=\"https:\/\/zemino.hu\/ro\/kozelet\/2026\/09\/02\/unios-forrasok-hazahozatala-mathe-zsuzsanna\/\">M\u00e1th\u00e9 Zsuzsa: Meg\u00e9rett a helyzet az uni\u00f3s milli\u00e1rdok kommunik\u00e1ci\u00f3ja \u00e9s a val\u00f3s\u00e1g k\u00f6z\u00f6tti fesz\u00fclts\u00e9g t\u00e1lal\u00e1s\u00e1ra<\/a><\/li><li class=\"zemino-inline-related__item\"><a class=\"zemino-inline-related__link\" href=\"https:\/\/zemino.hu\/ro\/kozelet\/2026\/09\/02\/kegyelmi-botrany-vizsgalo-bizottsag\/\">\u00d6ssze\u00fcl a kegyelmi botr\u00e1nyt vizsg\u00e1l\u00f3 parlamenti bizotts\u00e1g: k\u00e9nyszer\u00edt\u00e9ssel is el\u00e9rhetik a tan\u00fak megjelen\u00e9s\u00e9t<\/a><\/li><li class=\"zemino-inline-related__item\"><a class=\"zemino-inline-related__link\" href=\"https:\/\/zemino.hu\/ro\/kozelet\/2026\/09\/01\/ruff-balint-nemzeti-informacios\/\">Ruff B\u00e1lint ir\u00e1ny\u00edt\u00e1sa al\u00e1 ker\u00fclt a Nemzeti Inform\u00e1ci\u00f3s K\u00f6zpont \u00e9s a V\u00e9delmi Igazgat\u00e1si Hivatal<\/a><\/li><\/ul><\/aside>\n\n\n<figure class=\"wp-block-embed is-type-rich is-provider-facebook wp-block-embed-facebook\"><div class=\"wp-block-embed__wrapper\">\n<div id=\"fb-root\"><\/div><script async=\"1\" defer=\"1\" crossorigin=\"anonymous\" src=\"https:\/\/connect.facebook.net\/hu_HU\/sdk.js#xfbml=1&amp;version=v26.0\"><\/script><div class=\"fb-post\" data-href=\"https:\/\/www.facebook.com\/tanacszoltan.tisza\/posts\/pfbid0TeVpMvs2ZQ2Kpa7WutJPtrsjpTaY1NLBhzAnmipXcpAmNpybhtWMYcSenSPiH7AHl?rdid=WUUlYXPKFOp41v89\" data-width=\"500\"><\/div>\n<\/div><\/figure>\n\n\n\n<p class=\"wp-block-paragraph\">A Tisza-korm\u00e1ny megalakul\u00e1sa \u00f3ta nem csup\u00e1n az adatkezel\u00e9si agg\u00e1lyok miatt vette g\u00f3rcs\u0151 al\u00e1 a programot. Az uni\u00f3s helyre\u00e1ll\u00edt\u00e1si tervben a biztos forr\u00e1sveszt\u00e9s elker\u00fcl\u00e9se \u00e9rdek\u00e9ben le is cser\u00e9lt\u00e9k a Gondos\u00f3ra programot, amely jelenleg a Nemzeti Ad\u00f3- \u00e9s V\u00e1mhivatal (NAV) \u00e9s az Integrit\u00e1s Hat\u00f3s\u00e1g vizsg\u00e1lata alatt is \u00e1ll. A programot kor\u00e1bban Magyar P\u00e9ter \u201efull lop\u00e1s\u201d kifejez\u00e9ssel min\u0151s\u00edtette.<\/p>\n\n\n\n<p class=\"wp-block-paragraph\">Ezt olvastad m\u00e1r? <a href=\"https:\/\/zemino.hu\/villogos\/2026\/09\/01\/rendorseg-nyomozas-eximbank-gazdasagi-es-energetikai-miniszterium\/\">T\u00f6bb ezer oldalnyi iratot foglalt le a rend\u0151rs\u00e9g az Eximbank \u00fcgy\u00e9ben<\/a><\/p>\n","protected":false},"excerpt":{"rendered":"<p>A tudom\u00e1nyos \u00e9s technol\u00f3giai miniszt\u00e9rium a NAIH-hoz fordul a Gondos\u00f3ra program gyan\u00fas adatkezel\u00e9se miatt, miut\u00e1n felmer\u00fclt a Fidesz \u00e9rintetts\u00e9ge.<\/p>","protected":false},"author":2,"featured_media":5483,"comment_status":"open","ping_status":"open","sticky":false,"template":"","format":"standard","meta":{"_gspb_post_css":"","_zh_crosspost_remote_site":"zsaruhirek","_zh_crosspost_remote_post_id":"87029","_zh_crosspost_last_sync_at":"2026-09-02 15:35:57","_zh_crosspost_last_sync_direction":"zsaruhirek_to_zemino","_zh_crosspost_synced_images":"1","footnotes":""},"categories":[326],"tags":[521,2279,904,745,158,1222],"class_list":["post-6375","post","type-post","status-publish","format-standard","has-post-thumbnail","hentry","category-kozelet","tag-adatvedelem","tag-gondosora-program","tag-integritas-hatosag","tag-naih","tag-nav","tag-tanacs-zoltan"],"_links":{"self":[{"href":"https:\/\/zemino.hu\/ro\/wp-json\/wp\/v2\/posts\/6375","targetHints":{"allow":["GET"]}}],"collection":[{"href":"https:\/\/zemino.hu\/ro\/wp-json\/wp\/v2\/posts"}],"about":[{"href":"https:\/\/zemino.hu\/ro\/wp-json\/wp\/v2\/types\/post"}],"author":[{"embeddable":true,"href":"https:\/\/zemino.hu\/ro\/wp-json\/wp\/v2\/users\/2"}],"replies":[{"embeddable":true,"href":"https:\/\/zemino.hu\/ro\/wp-json\/wp\/v2\/comments?post=6375"}],"version-history":[{"count":1,"href":"https:\/\/zemino.hu\/ro\/wp-json\/wp\/v2\/posts\/6375\/revisions"}],"predecessor-version":[{"id":6380,"href":"https:\/\/zemino.hu\/ro\/wp-json\/wp\/v2\/posts\/6375\/revisions\/6380"}],"wp:featuredmedia":[{"embeddable":true,"href":"https:\/\/zemino.hu\/ro\/wp-json\/wp\/v2\/media\/5483"}],"wp:attachment":[{"href":"https:\/\/zemino.hu\/ro\/wp-json\/wp\/v2\/media?parent=6375"}],"wp:term":[{"taxonomy":"category","embeddable":true,"href":"https:\/\/zemino.hu\/ro\/wp-json\/wp\/v2\/categories?post=6375"},{"taxonomy":"post_tag","embeddable":true,"href":"https:\/\/zemino.hu\/ro\/wp-json\/wp\/v2\/tags?post=6375"}],"curies":[{"name":"wp","href":"https:\/\/api.w.org\/{rel}","templated":true}]}}