{"id":6386,"date":"2026-09-02T17:31:07","date_gmt":"2026-09-02T15:31:07","guid":{"rendered":"https:\/\/zemino.hu\/?p=6386"},"modified":"2026-09-02T17:31:07","modified_gmt":"2026-09-02T15:31:07","slug":"titkos-kormanyhatarozatok-orban-kormany-penzosztas-500-milliard","status":"publish","type":"post","link":"https:\/\/zemino.hu\/ro\/belfold\/2026\/09\/02\/titkos-kormanyhatarozatok-orban-kormany-penzosztas-500-milliard\/","title":{"rendered":"Titkos korm\u00e1nyhat\u00e1rozatok: legal\u00e1bb 500 milli\u00e1rd forintot oszthatott sz\u00e9t a v\u00e1laszt\u00e1sok el\u0151tt az Orb\u00e1n-korm\u00e1ny"},"content":{"rendered":"<p class=\"wp-block-paragraph\"><strong>Legal\u00e1bb 500 milli\u00e1rd forintnyi k\u00f6zp\u00e9nzt oszthatott sz\u00e9t az Orb\u00e1n-korm\u00e1ny a v\u00e1laszt\u00e1st megel\u0151z\u0151 h\u00f3napokban. A Minisztereln\u00f6ks\u00e9gt\u0151l kapott \u00f6tven\u00f6t darab, \u00fagynevezett 2000-es, vagyis nem nyilv\u00e1nos korm\u00e1nyhat\u00e1rozatb\u00f3l kider\u00fcl, hogy a p\u00e9nzek z\u00f6me p\u00e9nzoszt\u00e1sr\u00f3l vagy k\u00f6lts\u00e9gvet\u00e9si \u00e1tcsoportos\u00edt\u00e1sokr\u00f3l rendelkezett.<\/strong><\/p>\n\n\n\n<p class=\"wp-block-paragraph\">A kabinet a kisebb c\u00e9gek t\u00e1mogat\u00e1sa mellett kekv\u00e1kot, valamint a kult\u00fara \u00e9s a sport ter\u00fclet\u00e9t is r\u00e9szes\u00edtette forr\u00e1sokban, de jutott p\u00e9nz ingatlanv\u00e1s\u00e1rl\u00e1sokra, jav\u00edt\u00f3int\u00e9zetek fenntart\u00e1s\u00e1ra \u00e9s a b\u00fcntet\u00e9s-v\u00e9grehajt\u00e1sra is. A t\u00e1mogat\u00e1sok k\u00f6z\u00fcl a legnagyobb \u00f6sszeget, 14 milli\u00e1rd forintr\u00f3l sz\u00f3l\u00f3 felt\u00e9teles t\u00e1mogat\u00e1si aj\u00e1nlatot a Rosenberger Magyarorsz\u00e1g Elektronikai Kft. \u00e9s a Rosenberger Automotive Cabling Kft. kapta h\u00e1rom, vid\u00e9ki helysz\u00ednekre tervezett gy\u00e1rt\u00f3kapacit\u00e1s-b\u0151v\u00edt\u00e9s\u00e9re<strong> \u2013<\/strong> der\u00fclt ki a <a href=\"https:\/\/24.hu\/belfold\/2026\/09\/02\/titkos-kormanyhatarozatok-orban-kormany-penzosztas-24extra\/\" target=\"_blank\" rel=\"noopener\">24.hu<\/a> k\u00f6z\u00e9rdek\u0171 adatig\u00e9nyl\u00e9s\u00e9b\u0151l.<\/p>\n\n\n\n<p class=\"wp-block-paragraph\">Febru\u00e1rban a K\u00f6z\u00e9p-eur\u00f3pai \u00c9p\u00edtett \u00d6r\u00f6ks\u00e9g Meg\u0151rz\u0151 Alap\u00edtv\u00e1ny 6,2 milli\u00e1rd forintnyi alap\u00edt\u00f3i adom\u00e1nyt kapott, amellyel kapcsolatban a hat\u00e1rozatban csup\u00e1n annyit t\u00fcntettek fel, hogy \u201ec\u00e9ljai \u00e9s k\u00f6zfeladatai hat\u00e9kony megval\u00f3s\u00edt\u00e1sa \u00e9rdek\u00e9ben\u201d. A kultur\u00e1lis ter\u00fcleten \u00f6sszesen 324 t\u00e9tel szerepel a list\u00e1n sz\u00e9les sk\u00e1l\u00e1n mozg\u00f3 \u00f6sszegekkel, amelyek k\u00f6z\u00fcl a L\u00e1z\u00e1r J\u00e1nos al\u00e1 tartoz\u00f3 Nemzeti \u00d6r\u00f6ks\u00e9gv\u00e9delmi Fejleszt\u00e9si Nonprofit Kft. kapta a legt\u00f6bbet 706 milli\u00f3 forinttal.<\/p>\n\n\n\n<p class=\"wp-block-paragraph\">A list\u00e1n ingatlanv\u00e1s\u00e1rl\u00e1sok is szerepelnek: a Magyarorsz\u00e1gi Saj\u00e1tjog\u00fa Metropolitai Egyh\u00e1z legfeljebb 308 milli\u00f3 forintos t\u00e1mogat\u00e1st kapott, m\u00edg egy Br\u00fcsszel belv\u00e1ros\u00e1ban fekv\u0151 ingatlant is megv\u00e1s\u00e1roltak volna, b\u00e1r ut\u00f3bbi ad\u00e1sv\u00e9tele meghi\u00fasulhatott. Emellett 500 milli\u00f3 eur\u00f3nyi \u00e9rt\u00e9kben k\u00e9t c\u00e9g k\u00f6tv\u00e9nykibocs\u00e1t\u00e1s\u00e1r\u00f3l is d\u00f6nt\u00f6ttek, a folyamatba pedig azt az Eximbankot is bevont\u00e1k, amely ellen nemr\u00e9g <a href=\"https:\/\/zemino.hu\/ro\/villogos\/2026\/09\/01\/rendorseg-nyomozas-eximbank-gazdasagi-es-energetikai-miniszterium\/\">nyomoz\u00e1s indult<\/a>.<\/p>\n\n\n<aside class=\"zemino-inline-related\" aria-label=\"Kapcsol\u00f3d\u00f3 cikkek\"><div class=\"zemino-inline-related__title\">M\u00e9g t\u00f6bb: <a class=\"zemino-inline-related__category-link\" href=\"https:\/\/zemino.hu\/ro\/category\/belfold\/\">Belf\u00f6ld<\/a><\/div><ul class=\"zemino-inline-related__list\"><li class=\"zemino-inline-related__item\"><a class=\"zemino-inline-related__link\" href=\"https:\/\/zemino.hu\/ro\/belfold\/2026\/08\/26\/kormany-nyilvanos-adatbazis-miniszteriumi-atvilagitas-feljelentesek\/\">Nyilv\u00e1nos adatb\u00e1zisban teszi k\u00f6zz\u00e9 a korm\u00e1ny a miniszt\u00e9riumi feljelent\u00e9sek r\u00e9szleteit<\/a><\/li><li class=\"zemino-inline-related__item\"><a class=\"zemino-inline-related__link\" href=\"https:\/\/zemino.hu\/ro\/belfold\/2026\/09\/02\/nemeth-balazs-szeleromuvek-kisalfold-tisza\/\">N\u00e9meth Bal\u00e1zs b\u00edr\u00e1lta a sz\u00e9ler\u0151m\u0171vek telep\u00edt\u00e9s\u00e9re vonatkoz\u00f3 korm\u00e1nyzati terveket<\/a><\/li><li class=\"zemino-inline-related__item\"><a class=\"zemino-inline-related__link\" href=\"https:\/\/zemino.hu\/ro\/belfold\/2026\/09\/01\/halaleset-szeged-rakoczi-ter-kormanyhivatal-munkas\/\">Tragikus munkabaleset t\u00f6rt\u00e9nt Szegeden: a R\u00e1k\u00f3czi t\u00e9ri korm\u00e1nyhivatal \u00e9p\u00fclet\u00e9r\u0151l lezuhant egy munk\u00e1s kedden kora d\u00e9lut\u00e1n<\/a><\/li><\/ul><\/aside>\n\n\n<p class=\"wp-block-paragraph\">Moh\u00e1cs k\u00e9tszer is felbukkan a hat\u00e1rozatokban: a moh\u00e1csi csata 500. \u00e9vfordul\u00f3j\u00e1ra 510 milli\u00f3 forintot csoportos\u00edtottak \u00e1t, a <a href=\"https:\/\/zemino.hu\/ro\/belfold\/2026\/08\/18\/mohacsi-duna-hid-eloleg-visszafizetes-duna-aszfalt\/\">moh\u00e1csi Duna-h\u00edd<\/a> \u00e9p\u00edt\u00e9s\u00e9re pedig 76 milli\u00e1rd forintot sz\u00e1ntak. A jav\u00edt\u00f3int\u00e9zetek fenntart\u00e1s\u00e1ra \u00e9s \u00e1talak\u00edt\u00e1s\u00e1ra 4,1 milli\u00e1rd forint t\u00f6bbletforr\u00e1st k\u00fcl\u00f6n\u00edtettek el, k\u00e9t \u00faj csecsem\u0151otthon l\u00e9tes\u00edt\u00e9s\u00e9r\u0151l pedig 1 milli\u00e1rd 43 milli\u00f3 forint \u00e9rt\u00e9kben d\u00f6nt\u00f6ttek.<\/p>\n\n\n\n<p class=\"wp-block-paragraph\">A b\u00fcntet\u00e9s-v\u00e9grehajt\u00e1s 8,2 milli\u00e1rd forintot, a katasztr\u00f3fav\u00e9delem 10 milli\u00e1rd forintot kapott m\u0171k\u00f6d\u0151k\u00e9pess\u00e9g fenntart\u00e1s\u00e1hoz sz\u00fcks\u00e9ges c\u00edmen, m\u00edg a MotoGP \u00e9s a Superbike-vil\u00e1gbajnoks\u00e1g idei megrendez\u00e9s\u00e9t 8,6 milli\u00e1rd forinttal t\u00e1mogatt\u00e1k. Az egyik utols\u00f3 korm\u00e1nyhat\u00e1rozatban \u2013 m\u00e1r a v\u00e1laszt\u00e1si veres\u00e9get k\u00f6vet\u0151en \u2013 arr\u00f3l rendelkeztek, hogy lehet\u0151leg mindent fizessenek ki az \u00e1tad\u00e1s el\u0151tt.<\/p>","protected":false},"excerpt":{"rendered":"<p>Titkos korm\u00e1nyhat\u00e1rozatokb\u00f3l kider\u00fclt, hogy az Orb\u00e1n-korm\u00e1ny a v\u00e1laszt\u00e1sok el\u0151tt legal\u00e1bb 500 milli\u00e1rd forintot oszthatott sz\u00e9t. R\u00e9szletek a cikkben.<\/p>","protected":false},"author":7,"featured_media":3015,"comment_status":"open","ping_status":"open","sticky":false,"template":"","format":"standard","meta":{"_gspb_post_css":"","_zh_crosspost_remote_site":"","_zh_crosspost_remote_post_id":"","_zh_crosspost_last_sync_at":"","_zh_crosspost_last_sync_direction":"","_zh_crosspost_synced_images":"","footnotes":""},"categories":[31],"tags":[2474,385,3102,3399,723],"class_list":["post-6386","post","type-post","status-publish","format-standard","has-post-thumbnail","hentry","category-belfold","tag-eximbank","tag-kormanyhatarozat","tag-mohacs","tag-motogp","tag-orban-kormany"],"_links":{"self":[{"href":"https:\/\/zemino.hu\/ro\/wp-json\/wp\/v2\/posts\/6386","targetHints":{"allow":["GET"]}}],"collection":[{"href":"https:\/\/zemino.hu\/ro\/wp-json\/wp\/v2\/posts"}],"about":[{"href":"https:\/\/zemino.hu\/ro\/wp-json\/wp\/v2\/types\/post"}],"author":[{"embeddable":true,"href":"https:\/\/zemino.hu\/ro\/wp-json\/wp\/v2\/users\/7"}],"replies":[{"embeddable":true,"href":"https:\/\/zemino.hu\/ro\/wp-json\/wp\/v2\/comments?post=6386"}],"version-history":[{"count":1,"href":"https:\/\/zemino.hu\/ro\/wp-json\/wp\/v2\/posts\/6386\/revisions"}],"predecessor-version":[{"id":6389,"href":"https:\/\/zemino.hu\/ro\/wp-json\/wp\/v2\/posts\/6386\/revisions\/6389"}],"wp:featuredmedia":[{"embeddable":true,"href":"https:\/\/zemino.hu\/ro\/wp-json\/wp\/v2\/media\/3015"}],"wp:attachment":[{"href":"https:\/\/zemino.hu\/ro\/wp-json\/wp\/v2\/media?parent=6386"}],"wp:term":[{"taxonomy":"category","embeddable":true,"href":"https:\/\/zemino.hu\/ro\/wp-json\/wp\/v2\/categories?post=6386"},{"taxonomy":"post_tag","embeddable":true,"href":"https:\/\/zemino.hu\/ro\/wp-json\/wp\/v2\/tags?post=6386"}],"curies":[{"name":"wp","href":"https:\/\/api.w.org\/{rel}","templated":true}]}}