{"id":6387,"date":"2026-09-03T06:15:42","date_gmt":"2026-09-03T04:15:42","guid":{"rendered":"https:\/\/zemino.hu\/?p=6387"},"modified":"2026-09-03T06:16:32","modified_gmt":"2026-09-03T04:16:32","slug":"gondosora-program-fidesz-adatvedelem-havasi-bertalan","status":"publish","type":"post","link":"https:\/\/zemino.hu\/ro\/kozelet\/2026\/09\/03\/gondosora-program-fidesz-adatvedelem-havasi-bertalan\/","title":{"rendered":"Havasi Bertalan: Minden p\u00e1rtnak lehetett volna meg\u00e1llapod\u00e1sa a Gondos\u00f3ra programmal"},"content":{"rendered":"<p class=\"wp-block-paragraph\"><strong>A Fidesz kommunik\u00e1ci\u00f3s igazgat\u00f3ja szerint Tan\u00e1cs Zolt\u00e1n tudom\u00e1nyos \u00e9s technol\u00f3giai miniszter a Nemzeti Adatv\u00e9delmi \u00e9s Inform\u00e1ci\u00f3szabads\u00e1g Hat\u00f3s\u00e1gn\u00e1l tett bejelent\u00e9se alkalm\u00e1val sem tudott semmilyen konkr\u00e9t t\u00f6rv\u00e9nys\u00e9rt\u00e9st megjel\u00f6lni, \u00e9s feljelent\u00e9st sem tett az \u00fcgyben.<\/strong><\/p>\n\n\n\n<p class=\"wp-block-paragraph\">A Fidesz a jogszab\u00e1lyokat \u00e9s az adatv\u00e9delmi el\u0151\u00edr\u00e1sokat betartva m\u0171k\u00f6d\u00f6tt egy\u00fctt a Gondos\u00f3ra programmal, \u00e9s \u00e1ll minden vizsg\u00e1lat el\u00e9 \u2013 \u00edrta meg az MTI-nek Havasi Bertalan. A korm\u00e1nyp\u00e1rt kommunik\u00e1ci\u00f3s igazgat\u00f3j\u00e1nak k\u00f6zl\u00e9se azut\u00e1n \u00e9rkezett, hogy a Tisza-korm\u00e1ny a Nemzeti Adatv\u00e9delmi \u00e9s Inform\u00e1ci\u00f3szabads\u00e1g Hat\u00f3s\u00e1ghoz (NAIH) fordult az \u00fcgyben.<\/p>\n\n\n\n<p class=\"wp-block-paragraph\">Tan\u00e1cs Zolt\u00e1n kor\u00e1bban arr\u00f3l besz\u00e9lt, hogy a Fidesz hozz\u00e1f\u00e9rhetett a program felhaszn\u00e1l\u00f3inak szem\u00e9lyes adataihoz. A program \u00e1tvil\u00e1g\u00edt\u00e1sakor egy olyan egy\u00fcttm\u0171k\u00f6d\u00e9si meg\u00e1llapod\u00e1st tal\u00e1ltak, amely a Korm\u00e1nyzati Szolg\u00e1ltat\u00f3 K\u00f6zpont \u00e9s a Fidesz k\u00f6z\u00f6tt j\u00f6tt l\u00e9tre 2025. november 3-\u00e1n. A miniszter \u00e1ll\u00edt\u00e1sa szerint a szerz\u0151d\u00e9s alapj\u00e1n a Fidesz adatfeldolgoz\u00f3k\u00e9nt vett r\u00e9szt a programban, a feladata pedig a 78 \u00e9v feletti, a Gondos\u00f3r\u00e1t nem vagy nem megfelel\u0151en haszn\u00e1l\u00f3 id\u0151sek szem\u00e9lyes megkeres\u00e9se volt. Tan\u00e1cs szerd\u00e1n jelentette be, hogy az \u00f6sszegy\u0171lt inform\u00e1ci\u00f3k alapj\u00e1n <a href=\"https:\/\/zemino.hu\/ro\/kozelet\/2026\/09\/02\/gondosora-vizsgalat-naih\/\">bejelent\u00e9st tesz a miniszt\u00e9rium a NAIH-n\u00e1l<\/a> a nem megfelel\u0151 adatkezel\u00e9s miatt.<\/p>\n\n\n\n<blockquote class=\"wp-block-quote is-layout-flow wp-block-quote-is-layout-flow\">\n<p class=\"wp-block-paragraph\">Tan\u00e1cs Zolt\u00e1n ma sem tudott semmilyen konkr\u00e9t t\u00f6rv\u00e9nys\u00e9rt\u00e9st megjel\u00f6lni, feljelent\u00e9st sem tett<\/p>\n<\/blockquote>\n\n\n\n<p class=\"wp-block-paragraph\">\u2013 \u00edrta v\u00e1lasz\u00e1ban Havasi Bertalan. A kommunik\u00e1ci\u00f3s igazgat\u00f3 k\u00f6zl\u00e9se szerint a Fidesz a jogszab\u00e1lyokat \u00e9s az adatv\u00e9delmi el\u0151\u00edr\u00e1sokat marad\u00e9ktalanul betartva, nyilv\u00e1nos \u00e9s megfelel\u0151en dokument\u00e1lt form\u00e1ban m\u0171k\u00f6d\u00f6tt egy\u00fctt. Hozz\u00e1tette, hogy a p\u00e1rt sokkal sz\u0171kebb adatb\u00e1zishoz jutott hozz\u00e1, mint ami egy v\u00e1laszt\u00e1si elj\u00e1r\u00e1s sor\u00e1n b\u00e1rmelyik p\u00e1rt sz\u00e1m\u00e1ra jogszer\u0171en el\u00e9rhet\u0151. Ezenfel\u00fcl nemcsak a Fidesznek, hanem minden m\u00e1s p\u00e1rtnak is megvolt a lehet\u0151s\u00e9ge a hasonl\u00f3 egy\u00fcttm\u0171k\u00f6d\u00e9si meg\u00e1llapod\u00e1s megk\u00f6t\u00e9s\u00e9re, de nem \u00e9ltek ezzel.<\/p>\n\n\n\n<p class=\"wp-block-paragraph\">Tan\u00e1cs Zolt\u00e1n kor\u00e1bban a parlamentben \u00fagy fogalmazott, hogy a Gondos\u00f3ra program egy tipikus NER-es jelens\u00e9g volt, ahol az alapgondolatot kifacsart\u00e1k \u00e9s t\u00fal\u00e1razva er\u0151ltett\u00e9k az emberekre, mik\u00f6zben piaci becsl\u00e9sek alapj\u00e1n f\u00e9l\u00e1ron, esetleg negyed\u00e1ron is biztos\u00edthat\u00f3 lenne a szolg\u00e1ltat\u00e1s. A miniszter jelezte, hogy a programot meg\u0151rzik, a kor\u00e1bbi \u00e1r t\u00f6red\u00e9k\u00e9\u00e9rt hasznos funkci\u00f3kkal fejlesztik, \u00e9s nem fogj\u00e1k korm\u00e1nyzati propagand\u00e1ra haszn\u00e1lni, ahogy az el\u0151z\u0151 korm\u00e1ny tette. Az \u00fcgyben kor\u00e1bban az <a href=\"https:\/\/zemino.hu\/ro\/belfold\/2026\/07\/16\/gondosora-program-feljelentes-integritas-hatosag\/\">Integrit\u00e1s Hat\u00f3s\u00e1g is feljelent\u00e9st tett<\/a>.<\/p>\n\n\n<aside class=\"zemino-inline-related\" aria-label=\"Kapcsol\u00f3d\u00f3 cikkek\"><div class=\"zemino-inline-related__title\">M\u00e9g t\u00f6bb: <a class=\"zemino-inline-related__category-link\" href=\"https:\/\/zemino.hu\/ro\/category\/kozelet\/\">K\u00f6z\u00e9let<\/a><\/div><ul class=\"zemino-inline-related__list\"><li class=\"zemino-inline-related__item\"><a class=\"zemino-inline-related__link\" href=\"https:\/\/zemino.hu\/ro\/kozelet\/2026\/09\/02\/gondosora-vizsgalat-naih\/\">Adatv\u00e9delmi vizsg\u00e1latot kezdem\u00e9nyez a Tudom\u00e1nyos \u00e9s Technol\u00f3giai Miniszt\u00e9rium a Gondos\u00f3ra program \u00fcgy\u00e9ben<\/a><\/li><li class=\"zemino-inline-related__item\"><a class=\"zemino-inline-related__link\" href=\"https:\/\/zemino.hu\/ro\/kozelet\/2026\/09\/02\/kegyelmi-botrany-vizsgalo-bizottsag\/\">\u00d6ssze\u00fcl a kegyelmi botr\u00e1nyt vizsg\u00e1l\u00f3 parlamenti bizotts\u00e1g: k\u00e9nyszer\u00edt\u00e9ssel is el\u00e9rhetik a tan\u00fak megjelen\u00e9s\u00e9t<\/a><\/li><li class=\"zemino-inline-related__item\"><a class=\"zemino-inline-related__link\" href=\"https:\/\/zemino.hu\/ro\/kozelet\/2026\/08\/29\/deutsch-tamas-magyar-peter-btk-biralat\/\">Deutsch Tam\u00e1s: A pics@ba ki kell dobnia a Btk.-t<\/a><\/li><\/ul><\/aside>\n\n\n<p class=\"wp-block-paragraph\">A program \u00e1tvil\u00e1g\u00edt\u00e1sa nemcsak az adatkezel\u00e9st \u00e9rinti a Tisza-korm\u00e1ny megalakul\u00e1sa \u00f3ta. Az uni\u00f3s helyre\u00e1ll\u00edt\u00e1si tervben, a biztos forr\u00e1sveszt\u00e9s elker\u00fcl\u00e9se \u00e9rdek\u00e9ben le is cser\u00e9lt\u00e9k a programot, amelyet a Nemzeti Ad\u00f3- \u00e9s V\u00e1mhivatal \u00e9s az Integrit\u00e1s Hat\u00f3s\u00e1g is vizsg\u00e1l. A programr\u00f3l kor\u00e1bban Magyar P\u00e9ter \u00fagy nyilatkozott, hogy az \u201efull lop\u00e1s\u201d.<\/p>","protected":false},"excerpt":{"rendered":"<p>A Fidesz kommunik\u00e1ci\u00f3s igazgat\u00f3ja szerint Tan\u00e1cs Zolt\u00e1n nem tudott t\u00f6rv\u00e9nys\u00e9rt\u00e9st megjel\u00f6lni a Gondos\u00f3ra-\u00fcgyben a NAIH-n\u00e1l tett bejelent\u00e9sekor.<\/p>","protected":false},"author":7,"featured_media":4352,"comment_status":"open","ping_status":"open","sticky":false,"template":"","format":"standard","meta":{"_gspb_post_css":"","_zh_crosspost_remote_site":"","_zh_crosspost_remote_post_id":"","_zh_crosspost_last_sync_at":"","_zh_crosspost_last_sync_direction":"","_zh_crosspost_synced_images":"","footnotes":""},"categories":[326],"tags":[3400,515,2279,780,904,250,745,158,1222,456],"class_list":["post-6387","post","type-post","status-publish","format-standard","has-post-thumbnail","hentry","category-kozelet","tag-adatkezeles","tag-fidesz","tag-gondosora-program","tag-havasi-bertalan","tag-integritas-hatosag","tag-magyar-peter","tag-naih","tag-nav","tag-tanacs-zoltan","tag-tisza-kormany"],"_links":{"self":[{"href":"https:\/\/zemino.hu\/ro\/wp-json\/wp\/v2\/posts\/6387","targetHints":{"allow":["GET"]}}],"collection":[{"href":"https:\/\/zemino.hu\/ro\/wp-json\/wp\/v2\/posts"}],"about":[{"href":"https:\/\/zemino.hu\/ro\/wp-json\/wp\/v2\/types\/post"}],"author":[{"embeddable":true,"href":"https:\/\/zemino.hu\/ro\/wp-json\/wp\/v2\/users\/7"}],"replies":[{"embeddable":true,"href":"https:\/\/zemino.hu\/ro\/wp-json\/wp\/v2\/comments?post=6387"}],"version-history":[{"count":2,"href":"https:\/\/zemino.hu\/ro\/wp-json\/wp\/v2\/posts\/6387\/revisions"}],"predecessor-version":[{"id":6398,"href":"https:\/\/zemino.hu\/ro\/wp-json\/wp\/v2\/posts\/6387\/revisions\/6398"}],"wp:featuredmedia":[{"embeddable":true,"href":"https:\/\/zemino.hu\/ro\/wp-json\/wp\/v2\/media\/4352"}],"wp:attachment":[{"href":"https:\/\/zemino.hu\/ro\/wp-json\/wp\/v2\/media?parent=6387"}],"wp:term":[{"taxonomy":"category","embeddable":true,"href":"https:\/\/zemino.hu\/ro\/wp-json\/wp\/v2\/categories?post=6387"},{"taxonomy":"post_tag","embeddable":true,"href":"https:\/\/zemino.hu\/ro\/wp-json\/wp\/v2\/tags?post=6387"}],"curies":[{"name":"wp","href":"https:\/\/api.w.org\/{rel}","templated":true}]}}