{"id":6391,"date":"2026-09-02T19:17:56","date_gmt":"2026-09-02T17:17:56","guid":{"rendered":"https:\/\/zemino.hu\/?p=6391"},"modified":"2026-09-02T19:17:57","modified_gmt":"2026-09-02T17:17:57","slug":"orszagos-kormanyzati-feljelentesek-eximbank-nyomozas","status":"publish","type":"post","link":"https:\/\/zemino.hu\/ro\/villogos\/2026\/09\/02\/orszagos-kormanyzati-feljelentesek-eximbank-nyomozas\/","title":{"rendered":"T\u00f6bb mint 2000 milli\u00e1rd forintos b\u0171n\u00fcgyi csomag: 11 \u00fcgyben m\u00e1r nyomoznak a hat\u00f3s\u00e1gok a h\u0171tlen kezel\u00e9st\u0151l a t\u00fal\u00e1razott beszerz\u00e9sekig"},"content":{"rendered":"<p class=\"wp-block-paragraph\"><strong>A miniszt\u00e9riumok eddig huszonk\u00e9t \u00fcgyben tettek feljelent\u00e9st, amelyek egy\u00fcttesen 2128 milli\u00e1rd forint becs\u00fclt \u00f6sszeg\u0171 \u00e1llami vagyont \u00e9rintenek a korm\u00e1nyzati feljelent\u00e9sek legfrissebb \u00f6sszes\u00edt\u00e9se szerint. Az \u00e9rintett forr\u00e1sok t\u00f6bb mint fel\u00e9t n\u00e9gy Eximbank-\u00fcgylet teszi ki, tizenegy esetben a rend\u0151rs\u00e9gi nyomoz\u00e1s m\u00e1r megindult. Az adatb\u00e1zist a kabinet egy folyamatosan friss\u00fcl\u0151 \u00e1tl\u00e1that\u00f3s\u00e1gi aloldalon tette k\u00f6zz\u00e9.<\/strong><\/p>\n\n\n\n<h3 id=\"milliardos-exporthitelek-es-vitatott-allami-garanciak-a-fokuszban\" class=\"wp-block-heading\">Milli\u00e1rdos exporthitelek \u00e9s vitatott \u00e1llami garanci\u00e1k a f\u00f3kuszban<\/h3>\n\n\n\n<p class=\"wp-block-paragraph\">A k\u00f6zigazgat\u00e1s \u00e1tfog\u00f3 auditja sor\u00e1n az Eximbank szerz\u0151d\u00e9s\u00e1llom\u00e1nya bizonyult a legs\u00falyosabb t\u00e9telnek. A <a href=\"https:\/\/kormany.hu\/atlathato\/feljelentes\" target=\"_blank\" rel=\"noopener\">Feljelentett billi\u00f3k<\/a> oldal adatai szerint a 2128 milli\u00e1rd forintnyi becs\u00fclt k\u00f6zp\u00e9nzvagyon 53 sz\u00e1zal\u00e9ka, azaz 1123 milli\u00e1rd forint mind\u00f6ssze n\u00e9gy eximbankos tranzakci\u00f3hoz k\u00f6t\u0151dik. A Gazdas\u00e1gi \u00e9s Energetikai Miniszt\u00e9rium feljelent\u00e9se alapj\u00e1n a K\u00e9szenl\u00e9ti Rend\u0151rs\u00e9g Nemzeti Nyomoz\u00f3 Iroda 2026. j\u00falius 30-\u00e1n rendelte el a nyomoz\u00e1st az Egyiptomi \u00c1llamvasutaknak sz\u00e1ll\u00edtott 1300 vas\u00fati kocsi 640 milli\u00e1rd forintos finansz\u00edroz\u00e1sa miatt, ahol a kivitelez\u0151k cs\u0151dje \u00e9s a t\u00f6bb\u00e9ves k\u00e9sedelem komoly nemzetk\u00f6zi k\u00e1rt\u00e9r\u00edt\u00e9si kock\u00e1zatot vet fel.<\/p>\n\n\n\n<p class=\"wp-block-paragraph\">Ugyancsak a Nemzeti Nyomoz\u00f3 Iroda vizsg\u00e1lja a 2026. j\u00falius 23-\u00e1n feljelentett, \u00c9szak-maced\u00f3n K\u00f6zt\u00e1rsas\u00e1gnak juttatott 360 milli\u00e1rd forintos \u00e1llamhitelt. A korm\u00e1nyzati indokl\u00e1s szerint a kedvezm\u00e9nyes kamatoz\u00e1s\u00fa, 15 \u00e9ves futamidej\u0171 k\u00f6lcs\u00f6nre a magyar \u00e1llam kock\u00e1zati fel\u00e1r felsz\u00e1m\u00edt\u00e1sa n\u00e9lk\u00fcl v\u00e1llalt 100 sz\u00e1zal\u00e9kos kezess\u00e9get egy magas orsz\u00e1gkock\u00e1zat\u00fa ad\u00f3ssal szemben. A fennmarad\u00f3 1005 milli\u00e1rd forint tizennyolc tov\u00e1bbi \u00fcgylet k\u00f6z\u00f6tt oszlik meg, amelyek jelent\u0151s r\u00e9sze infrastruktur\u00e1lis, digitaliz\u00e1ci\u00f3s \u00e9s eg\u00e9szs\u00e9g\u00fcgyi projekteket \u00e9rint.<\/p>\n\n\n<aside class=\"zemino-inline-related\" aria-label=\"Kapcsol\u00f3d\u00f3 cikkek\"><div class=\"zemino-inline-related__title\">M\u00e9g t\u00f6bb: <a class=\"zemino-inline-related__category-link\" href=\"https:\/\/zemino.hu\/ro\/category\/villogos\/\">Villog\u00f3s<\/a><\/div><ul class=\"zemino-inline-related__list\"><li class=\"zemino-inline-related__item\"><a class=\"zemino-inline-related__link\" href=\"https:\/\/zemino.hu\/ro\/villogos\/2026\/09\/01\/rendorseg-nyomozas-eximbank-gazdasagi-es-energetikai-miniszterium\/\">Nyomoz a rend\u0151rs\u00e9g az Eximbank ellen<\/a><\/li><li class=\"zemino-inline-related__item\"><a class=\"zemino-inline-related__link\" href=\"https:\/\/zemino.hu\/ro\/villogos\/2026\/08\/30\/ruszin-szendi-romulusz-nem-tesz-feljelentest-kommentelo\/\">Nem tesz feljelent\u00e9st az \u0151t gyal\u00e1z\u00f3 kommentel\u0151 ellen Ruszin-Szendi Romulusz<\/a><\/li><li class=\"zemino-inline-related__item\"><a class=\"zemino-inline-related__link\" href=\"https:\/\/zemino.hu\/ro\/villogos\/2026\/08\/29\/m6-autopalya-koncesszio-feljelentes-lazar-janos\/\">B\u00fcntet\u0151feljelent\u00e9st tett a K\u00f6zleked\u00e9si \u00e9s Beruh\u00e1z\u00e1si Miniszt\u00e9rium az M6-os aut\u00f3p\u00e1lya koncesszi\u00f3s szerz\u0151d\u00e9se miatt<\/a><\/li><\/ul><\/aside>\n\n\n<h3 id=\"lelegeztetogepek-informatikai-halozatok-es-autopalya-koncessziok\" class=\"wp-block-heading\">L\u00e9legeztet\u0151g\u00e9pek, informatikai h\u00e1l\u00f3zatok \u00e9s aut\u00f3p\u00e1lya-koncesszi\u00f3k<\/h3>\n\n\n\n<p class=\"wp-block-paragraph\">A j\u00e1rv\u00e1ny\u00fcgyi v\u00e9dekez\u00e9s kiad\u00e1sai k\u00f6z\u00fcl a K\u00fcl\u00fcgyminiszt\u00e9rium \u00e1ltal 2026. augusztus 25-\u00e9n beny\u00fajtott feljelent\u00e9s a 2020-as l\u00e9legeztet\u0151g\u00e9p-beszerz\u00e9seket veszi c\u00e9lba 300 milli\u00e1rd forintos nagys\u00e1grendben, k\u00fcl\u00f6n\u00f6sen jelent\u0151s vagyoni h\u00e1tr\u00e1nyt okoz\u00f3 h\u0171tlen kezel\u00e9s gyan\u00faj\u00e1val. A K\u00f6zleked\u00e9si \u00e9s Beruh\u00e1z\u00e1si Miniszt\u00e9rium az M6-os aut\u00f3p\u00e1lya koncesszi\u00f3s elj\u00e1r\u00e1s\u00e1ban felt\u00e1rt hat\u00e1sk\u00f6rt\u00fall\u00e9p\u00e9s (100 milli\u00e1rd forint), valamint a Moh\u00e1csi Duna-h\u00edd 155,8 milli\u00e1rd forintos, biztos\u00edt\u00e9k n\u00e9lk\u00fcli el\u0151legkifizet\u00e9sei miatt fordult az igazs\u00e1gszolg\u00e1ltat\u00e1shoz.<\/p>\n\n\n\n<p class=\"wp-block-paragraph\">A Technikai \u00e9s Tudom\u00e1nyos Miniszt\u00e9rium kezdem\u00e9nyez\u00e9s\u00e9re m\u00e1r nyomoz\u00e1s indult a Kr\u00e9ta\u2013Neptun\u2013Poszeidon rendszerek 100 milli\u00e1rdos \u00fczemeltet\u00e9si szerz\u0151d\u00e9sei kapcs\u00e1n, ahol a gyan\u00fa h\u0171tlen kezel\u00e9sre, hivatali vissza\u00e9l\u00e9sre, versenykorl\u00e1toz\u00e1sra \u00e9s k\u00f6lts\u00e9gvet\u00e9si csal\u00e1sra terjed ki. A t\u00e1rca emellett a Gondos\u00f3ra program 100 milli\u00e1rdos beszerz\u00e9s\u00e9t is \u00e1tadta a hat\u00f3s\u00e1goknak sz\u00e1mvitel rendj\u00e9nek megs\u00e9rt\u00e9se \u00e9s hamis okirat felhaszn\u00e1l\u00e1sa miatt, m\u00edg az Eg\u00e9szs\u00e9g\u00fcgyi Miniszt\u00e9rium az Orsz\u00e1gos Ment\u0151szolg\u00e1lat 70 milli\u00e1rdos j\u00e1rm\u0171beszerz\u00e9seit vitatja, amelyben a Nemzeti Nyomoz\u00f3 Iroda augusztus 10-\u00e9n hivatalosan is elrendelte az elj\u00e1r\u00e1st.<\/p>\n\n\n\n<p class=\"wp-block-paragraph\">Az ellenz\u00e9ki Fidesz\u2013KDNP \u00e9s a Mi Haz\u00e1nk politikusai a bejelentett int\u00e9zked\u00e9ssorozatot alibinek \u00e9s politikai nyom\u00e1sgyakorl\u00e1snak min\u0151s\u00edtett\u00e9k, hangs\u00falyozva, hogy a feljelent\u00e9sek a korm\u00e1nyzati felel\u0151ss\u00e9g elfed\u00e9s\u00e9t szolg\u00e1lj\u00e1k. Ezzel szemben a korm\u00e1nyoldal \u00e1ll\u00e1spontja szerint az \u00e1llamh\u00e1ztart\u00e1s egyens\u00faly\u00e1nak helyre\u00e1ll\u00edt\u00e1s\u00e1hoz elengedhetetlen a kor\u00e1bbi id\u0151szak vitatott kifizet\u00e9seinek f\u00fcggetlen b\u00edr\u00f3i \u00e9s igazs\u00e1g\u00fcgyi szak\u00e9rt\u0151i fel\u00fclvizsg\u00e1lata, a val\u00f3s k\u00e1r\u00f6sszeg pedig a b\u00edr\u00f3s\u00e1gi szakaszban realiz\u00e1l\u00f3dik majd.<\/p>\n\n\n\n<p class=\"wp-block-paragraph\">Ezt olvastad m\u00e1r? <a href=\"https:\/\/zemino.hu\/ro\/belfold\/2026\/08\/31\/velkey-gyorgy-szijjarto-peter-lelegeztetogep-beszerzes\/\" target=\"_blank\">Komoly min\u0151s\u00e9gi probl\u00e9m\u00e1k akadtak a koronav\u00edrus-j\u00e1rv\u00e1ny idej\u00e9n beszerzett l\u00e9legeztet\u0151g\u00e9pekkel, amelyekr\u0151l m\u00e1r a k\u00e9sz\u00fcl\u00e9kek be\u00e9rkez\u00e9sekor pontosan tudtak<\/a><\/p>\n\n\n\n<figure class=\"wp-block-embed is-type-wp-embed is-provider-zemino wp-block-embed-zemino\"><div class=\"wp-block-embed__wrapper\">\n<blockquote class=\"wp-embedded-content\" data-secret=\"iS8llqOgzA\"><a href=\"https:\/\/zemino.hu\/ro\/villogos\/2026\/09\/01\/rendorseg-nyomozas-eximbank-gazdasagi-es-energetikai-miniszterium\/\">Nyomoz a rend\u0151rs\u00e9g az Eximbank ellen<\/a><\/blockquote><iframe loading=\"lazy\" class=\"wp-embedded-content\" sandbox=\"allow-scripts\" security=\"restricted\" style=\"position: absolute; visibility: hidden;\" title=\"\u201cNyomoz a rend\u0151rs\u00e9g az Eximbank ellen\u201d \u2014 Zemino\" src=\"https:\/\/zemino.hu\/villogos\/2026\/09\/01\/rendorseg-nyomozas-eximbank-gazdasagi-es-energetikai-miniszterium\/embed\/#?secret=M8PsJo1C3Z#?secret=iS8llqOgzA\" data-secret=\"iS8llqOgzA\" width=\"500\" height=\"282\" frameborder=\"0\" marginwidth=\"0\" marginheight=\"0\" scrolling=\"no\"><\/iframe>\n<\/div><\/figure>","protected":false},"excerpt":{"rendered":"<p>A miniszt\u00e9riumok eddig huszonk\u00e9t \u00fcgyben tettek feljelent\u00e9st, amelyek egy\u00fcttesen 2128 milli\u00e1rd forint becs\u00fclt \u00f6sszeg\u0171 \u00e1llami vagyont \u00e9rintenek a korm\u00e1nyzati feljelent\u00e9sek legfrissebb \u00f6sszes\u00edt\u00e9se szerint. Az \u00e9rintett forr\u00e1sok t\u00f6bb mint fel\u00e9t n\u00e9gy Eximbank-\u00fcgylet teszi ki, tizenegy esetben a rend\u0151rs\u00e9gi nyomoz\u00e1s m\u00e1r megindult. Az adatb\u00e1zist a kabinet egy folyamatosan friss\u00fcl\u0151 \u00e1tl\u00e1that\u00f3s\u00e1gi aloldalon tette k\u00f6zz\u00e9. Milli\u00e1rdos exporthitelek \u00e9s vitatott\u2026<\/p>","protected":false},"author":2,"featured_media":2608,"comment_status":"open","ping_status":"open","sticky":false,"template":"","format":"standard","meta":{"_gspb_post_css":"","_zh_crosspost_remote_site":"zsaruhirek","_zh_crosspost_remote_post_id":"87063","_zh_crosspost_last_sync_at":"2026-09-02 19:15:03","_zh_crosspost_last_sync_direction":"zsaruhirek_to_zemino","_zh_crosspost_synced_images":"1","footnotes":""},"categories":[325],"tags":[375,2474,515,582,1465,705,1038,3401,953,248],"class_list":["post-6391","post","type-post","status-publish","format-standard","has-post-thumbnail","hentry","category-villogos","tag-egeszsegugy","tag-eximbank","tag-fidesz","tag-hutlen-kezeles","tag-keszenleti-rendorseg-nemzeti-nyomozo-iroda","tag-koltsegvetesi-csalas","tag-mi-hazank","tag-orszagos","tag-orszagos-mentoszolgalat","tag-tisza-part"],"_links":{"self":[{"href":"https:\/\/zemino.hu\/ro\/wp-json\/wp\/v2\/posts\/6391","targetHints":{"allow":["GET"]}}],"collection":[{"href":"https:\/\/zemino.hu\/ro\/wp-json\/wp\/v2\/posts"}],"about":[{"href":"https:\/\/zemino.hu\/ro\/wp-json\/wp\/v2\/types\/post"}],"author":[{"embeddable":true,"href":"https:\/\/zemino.hu\/ro\/wp-json\/wp\/v2\/users\/2"}],"replies":[{"embeddable":true,"href":"https:\/\/zemino.hu\/ro\/wp-json\/wp\/v2\/comments?post=6391"}],"version-history":[{"count":1,"href":"https:\/\/zemino.hu\/ro\/wp-json\/wp\/v2\/posts\/6391\/revisions"}],"predecessor-version":[{"id":6394,"href":"https:\/\/zemino.hu\/ro\/wp-json\/wp\/v2\/posts\/6391\/revisions\/6394"}],"wp:featuredmedia":[{"embeddable":true,"href":"https:\/\/zemino.hu\/ro\/wp-json\/wp\/v2\/media\/2608"}],"wp:attachment":[{"href":"https:\/\/zemino.hu\/ro\/wp-json\/wp\/v2\/media?parent=6391"}],"wp:term":[{"taxonomy":"category","embeddable":true,"href":"https:\/\/zemino.hu\/ro\/wp-json\/wp\/v2\/categories?post=6391"},{"taxonomy":"post_tag","embeddable":true,"href":"https:\/\/zemino.hu\/ro\/wp-json\/wp\/v2\/tags?post=6391"}],"curies":[{"name":"wp","href":"https:\/\/api.w.org\/{rel}","templated":true}]}}