{"id":6395,"date":"2026-09-03T06:17:58","date_gmt":"2026-09-03T04:17:58","guid":{"rendered":"https:\/\/zemino.hu\/?p=6395"},"modified":"2026-09-03T06:17:59","modified_gmt":"2026-09-03T04:17:59","slug":"orban-viktor-kozossegi-media-nyomozas","status":"publish","type":"post","link":"https:\/\/zemino.hu\/ro\/kozelet\/2026\/09\/03\/orban-viktor-kozossegi-media-nyomozas\/","title":{"rendered":"H\u0171tlen kezel\u00e9s gyan\u00faj\u00e1val nyomoz a rend\u0151rs\u00e9g Orb\u00e1n Viktor k\u00f6z\u00f6ss\u00e9gi m\u00e9di\u00e1s szerz\u0151d\u00e9sei miatt"},"content":{"rendered":"<p class=\"wp-block-paragraph\"><strong>H\u0171tlen kezel\u00e9s gyan\u00faja miatt ind\u00edtott b\u00fcntet\u0151elj\u00e1r\u00e1st a K\u00e9szenl\u00e9ti Rend\u0151rs\u00e9g Nemzeti Nyomoz\u00f3 Irod\u00e1ja a volt minisztereln\u00f6k k\u00f6z\u00f6ss\u00e9gi m\u00e9di\u00e1s megjelen\u00e9seire k\u00f6lt\u00f6tt milli\u00e1rdok \u00fcgy\u00e9ben. A nyomoz\u00e1s azt k\u00f6vet\u0151en indult el, hogy a Minisztereln\u00f6ks\u00e9g augusztusban feljelent\u00e9st tett a Kaminski Fanny c\u00e9g\u00e9hez v\u00e1ndorolt t\u00f6bb mint 4 milli\u00e1rd forintnyi k\u00f6zp\u00e9nz miatt.<\/strong><\/p>\n\n\n\n<p class=\"wp-block-paragraph\">Az Orsz\u00e1gos Rend\u0151r-f\u0151kapit\u00e1nys\u00e1g (ORFK) meger\u0151s\u00edtette a <a href=\"https:\/\/telex.hu\/belfold\/2026\/09\/02\/kaminski-fanny-orban-viktor-facebook-feljelentes-buntetoeljaras\" target=\"_blank\" rel=\"noopener\">Telex<\/a> megkeres\u00e9s\u00e9re, hogy a hat\u00f3s\u00e1g befogadta a Minisztereln\u00f6ks\u00e9g feljelent\u00e9s\u00e9t, \u00e9s megkezdte a munk\u00e1t az \u00fcgyben.<\/p>\n\n\n\n<blockquote class=\"wp-block-quote is-layout-flow wp-block-quote-is-layout-flow\">\n<p class=\"wp-block-paragraph\">A K\u00e9szenl\u00e9ti Rend\u0151rs\u00e9g Nemzeti Nyomoz\u00f3 Iroda h\u0171tlen kezel\u00e9s miatt folytat b\u00fcntet\u0151elj\u00e1r\u00e1st<\/p>\n<\/blockquote>\n\n\n\n<p class=\"wp-block-paragraph\">\u2013 k\u00f6z\u00f6lte az ORFK sajt\u00f3oszt\u00e1lya, hozz\u00e1t\u00e9ve, hogy a nyomoz\u00e1s \u00e9rdekeire val\u00f3 tekintettel egyel\u0151re nem adhatnak b\u0151vebb t\u00e1j\u00e9koztat\u00e1st.<\/p>\n\n\n\n<p class=\"wp-block-paragraph\">A Ruff B\u00e1lint \u00e1ltal vezetett Minisztereln\u00f6ks\u00e9g azut\u00e1n d\u00f6nt\u00f6tt a <a href=\"https:\/\/zsaruhirek.hu\/kornyezetunk-kozelet\/2026\/08\/18\/hutlen-kezeles-nyomozas-kaminski-fanny-triton-orban-viktor\/\" target=\"_blank\" rel=\"noopener\">feljelent\u00e9s megt\u00e9tele<\/a> mellett, hogy t\u00fczetesen \u00e1tvizsg\u00e1lt\u00e1k a volt korm\u00e1nyf\u0151 k\u00f6z\u00f6ss\u00e9gi m\u00e9di\u00e1s tev\u00e9kenys\u00e9g\u00e9re vonatkoz\u00f3, \u00f6sszesen 4 milli\u00e1rd forintot meghalad\u00f3 keretszerz\u0151d\u00e9seket. A megb\u00edz\u00e1sokat k\u00f6zbeszerz\u00e9si elj\u00e1r\u00e1s mell\u0151z\u00e9s\u00e9vel nyerte el a Triton Communications nev\u0171 c\u00e9g, amelynek tulajdonosa Orb\u00e1n Viktor ismert sajt\u00f3tan\u00e1csad\u00f3ja, Kaminski Fanny.<\/p>\n\n\n\n<p class=\"wp-block-paragraph\">A Rog\u00e1n Antal vezette Minisztereln\u00f6ki Kabinetiroda m\u00e9g 2022-ben k\u00f6t\u00f6tt meg\u00e1llapod\u00e1st a v\u00e1llalkoz\u00e1ssal a volt minisztereln\u00f6k online jelenl\u00e9t\u00e9nek biztos\u00edt\u00e1s\u00e1ra. Kezdetben havi 63 milli\u00f3 680 ezer forintos megb\u00edz\u00e1si d\u00edjat hat\u00e1roztak meg, amely\u00e9rt cser\u00e9be fot\u00f3k \u00e9s vide\u00f3k k\u00e9sz\u00edt\u00e9s\u00e9t, valamint k\u00f6z\u00f6ss\u00e9gi m\u00e9diafigyel\u00e9si \u00f6sszefoglal\u00f3k \u00f6ssze\u00e1ll\u00edt\u00e1s\u00e1t v\u00e1rt\u00e1k el. A szerz\u0151d\u00e9st arra hivatkozva vont\u00e1k ki a k\u00f6zbeszerz\u00e9si k\u00f6telezetts\u00e9g al\u00f3l, hogy a minisztereln\u00f6k v\u00e9dett szem\u00e9lynek min\u0151s\u00fcl.<\/p>\n\n\n\n<p class=\"wp-block-paragraph\">A Triton Communications \u00f6sszesen 44 h\u00f3nap alatt brutt\u00f3 4 milli\u00e1rd 228 milli\u00f3 924 ezer 813 forint k\u00f6zp\u00e9nzhez jutott a Kabinetirod\u00e1t\u00f3l. A teljes\u00edt\u00e9sigazol\u00e1sok tan\u00fas\u00e1ga szerint a legy\u00e1rtott vide\u00f3k \u00e1tlagos hossza mind\u00f6ssze 15 m\u00e1sodperc volt, s\u0151t, el\u0151fordult olyan h\u00f3nap is, amikor a t\u00f6bb mint 63 milli\u00f3s d\u00edj\u00e9rt cser\u00e9be mind\u00f6ssze 21 percnyi mozg\u00f3k\u00e9pes anyag \u00e9s 411 darab f\u00e9nyk\u00e9p k\u00e9sz\u00fclt el. A szerz\u0151d\u00e9st az \u00e9vek sor\u00e1n n\u00e9gyszer hosszabb\u00edtott\u00e1k meg, \u00e9s a megb\u00edz\u00e1si d\u00edjat minden alkalommal megemelt\u00e9k. Tavaly szeptembert\u0151l m\u00e1r havi 86 milli\u00f3 487 ezer forintot fizettek az \u00f6t f\u0151t foglalkoztat\u00f3 c\u00e9gnek, mik\u00f6zben a feladatok k\u00f6re nem b\u0151v\u00fclt.<\/p>\n\n\n<aside class=\"zemino-inline-related\" aria-label=\"Kapcsol\u00f3d\u00f3 cikkek\"><div class=\"zemino-inline-related__title\">M\u00e9g t\u00f6bb: <a class=\"zemino-inline-related__category-link\" href=\"https:\/\/zemino.hu\/ro\/category\/kozelet\/\">K\u00f6z\u00e9let<\/a><\/div><ul class=\"zemino-inline-related__list\"><li class=\"zemino-inline-related__item\"><a class=\"zemino-inline-related__link\" href=\"https:\/\/zemino.hu\/ro\/kozelet\/2026\/09\/02\/unios-forrasok-hazahozatala-mathe-zsuzsanna\/\">M\u00e1th\u00e9 Zsuzsa: Meg\u00e9rett a helyzet az uni\u00f3s milli\u00e1rdok kommunik\u00e1ci\u00f3ja \u00e9s a val\u00f3s\u00e1g k\u00f6z\u00f6tti fesz\u00fclts\u00e9g t\u00e1lal\u00e1s\u00e1ra<\/a><\/li><li class=\"zemino-inline-related__item\"><a class=\"zemino-inline-related__link\" href=\"https:\/\/zemino.hu\/ro\/kozelet\/2026\/08\/26\/akcioban-a-vedvonal-meltatlan-es-aljas-tamadas-alatt-a-civil-szervezetek\/\">Akci\u00f3ban a V\u00e9dvonal: \u201eM\u00e9ltatlan \u00e9s aljas t\u00e1mad\u00e1s alatt a civil szervezetek!\u201d<\/a><\/li><li class=\"zemino-inline-related__item\"><a class=\"zemino-inline-related__link\" href=\"https:\/\/zemino.hu\/ro\/kozelet\/2026\/09\/03\/fuggetlen-kozmedia-testulet-szentkiralyi-alexandra-dontes\/\">D\u00f6nt\u00f6tt a M\u0171vel\u0151d\u00e9si Bizotts\u00e1g a F\u00fcggetlen K\u00f6zm\u00e9dia Test\u00fclet tagjair\u00f3l: Szentkir\u00e1lyi Alexandra b\u00edr\u00e1lta a kiv\u00e1laszt\u00e1st<\/a><\/li><\/ul><\/aside>\n\n\n<p class=\"wp-block-paragraph\">Kaminski Fanny a feljelent\u00e9st k\u00f6vet\u0151en a k\u00f6z\u00f6ss\u00e9gi oldal\u00e1n reag\u00e1lt a v\u00e1dakra. Bejegyz\u00e9s\u00e9ben \u00fagy fogalmazott, hogy a korm\u00e1ny az \u00fcggyel kapcsolatban t\u00f6bb olyan sugalmaz\u00e1st tett, amelyek f\u00e9lrevezet\u0151 k\u00e9pet festenek a munk\u00e1jukr\u00f3l. \u00c1ll\u00edt\u00e1sa szerint a Triton feladatai k\u00f6z\u00e9 tartozott a volt minisztereln\u00f6k honlapj\u00e1nak fejleszt\u00e9se \u00e9s \u00fczemeltet\u00e9se, valamint egy\u00e9b grafikai \u00e9s kommunik\u00e1ci\u00f3s szolg\u00e1ltat\u00e1sok ny\u00fajt\u00e1sa is, amely folyamatos, napi 24 \u00f3r\u00e1s rendelkez\u00e9sre \u00e1ll\u00e1st k\u00f6vetelt meg.<\/p>\n\n\n\n<p class=\"wp-block-paragraph\">A sajt\u00f3tan\u00e1csad\u00f3 elismerte a szerz\u0151d\u00e9ses \u00f6sszeg n\u00f6veked\u00e9s\u00e9t, \u00e1m hangs\u00falyozta, hogy a d\u00edjemel\u00e9sek az infl\u00e1ci\u00f3t k\u00f6vett\u00e9k. Kifejtette tov\u00e1bb\u00e1, hogy f\u00e9lrevezet\u0151 az \u00f6t alkalmazott felemleget\u00e9se, mivel \u00e1ll\u00edt\u00e1sa szerint val\u00f3j\u00e1ban t\u00f6bb mint 30 ember dolgozott a projekteken. Kaminski azzal z\u00e1rta sorait, hogy b\u00fcszkes\u00e9ggel t\u00f6lti el, hogy a meghurcoltak k\u00f6z\u00f6tt az els\u0151k k\u00f6z\u00f6tt szerepelhet.<\/p>","protected":false},"excerpt":{"rendered":"<p>H\u0171tlen kezel\u00e9s gyan\u00faja miatt ind\u00edtott nyomoz\u00e1st az NNI Orb\u00e1n Viktor volt minisztereln\u00f6k k\u00f6z\u00f6ss\u00e9gi m\u00e9di\u00e1s szerz\u0151d\u00e9sei miatt. Kaminski Fanny c\u00e9ge milli\u00e1rdokat kapott.<\/p>","protected":false},"author":2,"featured_media":4481,"comment_status":"open","ping_status":"open","sticky":false,"template":"","format":"standard","meta":{"_gspb_post_css":"","_zh_crosspost_remote_site":"zsaruhirek","_zh_crosspost_remote_post_id":"87066","_zh_crosspost_last_sync_at":"2026-09-03 06:11:08","_zh_crosspost_last_sync_direction":"zsaruhirek_to_zemino","_zh_crosspost_synced_images":"1","footnotes":""},"categories":[326],"tags":[2815,582,3099,469,576,293,3402],"class_list":["post-6395","post","type-post","status-publish","format-standard","has-post-thumbnail","hentry","category-kozelet","tag-buntetoeljaras","tag-hutlen-kezeles","tag-kaminski-fanny","tag-miniszterelnokseg","tag-nyomozas","tag-orban-viktor","tag-triton-communications"],"_links":{"self":[{"href":"https:\/\/zemino.hu\/ro\/wp-json\/wp\/v2\/posts\/6395","targetHints":{"allow":["GET"]}}],"collection":[{"href":"https:\/\/zemino.hu\/ro\/wp-json\/wp\/v2\/posts"}],"about":[{"href":"https:\/\/zemino.hu\/ro\/wp-json\/wp\/v2\/types\/post"}],"author":[{"embeddable":true,"href":"https:\/\/zemino.hu\/ro\/wp-json\/wp\/v2\/users\/2"}],"replies":[{"embeddable":true,"href":"https:\/\/zemino.hu\/ro\/wp-json\/wp\/v2\/comments?post=6395"}],"version-history":[{"count":1,"href":"https:\/\/zemino.hu\/ro\/wp-json\/wp\/v2\/posts\/6395\/revisions"}],"predecessor-version":[{"id":6399,"href":"https:\/\/zemino.hu\/ro\/wp-json\/wp\/v2\/posts\/6395\/revisions\/6399"}],"wp:featuredmedia":[{"embeddable":true,"href":"https:\/\/zemino.hu\/ro\/wp-json\/wp\/v2\/media\/4481"}],"wp:attachment":[{"href":"https:\/\/zemino.hu\/ro\/wp-json\/wp\/v2\/media?parent=6395"}],"wp:term":[{"taxonomy":"category","embeddable":true,"href":"https:\/\/zemino.hu\/ro\/wp-json\/wp\/v2\/categories?post=6395"},{"taxonomy":"post_tag","embeddable":true,"href":"https:\/\/zemino.hu\/ro\/wp-json\/wp\/v2\/tags?post=6395"}],"curies":[{"name":"wp","href":"https:\/\/api.w.org\/{rel}","templated":true}]}}