{"id":6401,"date":"2026-09-03T06:26:53","date_gmt":"2026-09-03T04:26:53","guid":{"rendered":"https:\/\/zemino.hu\/?p=6401"},"modified":"2026-09-03T06:26:54","modified_gmt":"2026-09-03T04:26:54","slug":"vitalyos-eszter-tisza-kormany-elso-szaz-nap","status":"publish","type":"post","link":"https:\/\/zemino.hu\/ro\/kozelet\/2026\/09\/03\/vitalyos-eszter-tisza-kormany-elso-szaz-nap\/","title":{"rendered":"Vit\u00e1lyos Eszter: \u201eVajon a l\u00e1jkvad\u00e1szaton t\u00fal val\u00f3di korm\u00e1nyz\u00e1s is lesz?\u201d"},"content":{"rendered":"<p class=\"wp-block-paragraph\"><strong>A Tisza-korm\u00e1ny els\u0151 sz\u00e1z napj\u00e1t \u00e9rt\u00e9kelte k\u00f6z\u00f6ss\u00e9gi oldal\u00e1n k\u00f6zz\u00e9tett vide\u00f3j\u00e1ban Vit\u00e1lyos Eszter, azt \u00e1ll\u00edtva, hogy a kabinet tev\u00e9kenys\u00e9ge val\u00f3s korm\u00e1nyz\u00e1s helyett a l\u00e1jkvad\u00e1szatra \u00e9s az \u00edg\u00e9retek megszeg\u00e9s\u00e9re \u00e9p\u00fcl. Az ellenz\u00e9ki Fidesz orsz\u00e1ggy\u0171l\u00e9si k\u00e9pvisel\u0151je szerint az \u00faj vezet\u00e9s naponta \u00fajabb \u00e1tver\u00e9sekkel t\u00e9veszti meg a v\u00e1laszt\u00f3kat, mik\u00f6zben elmaradtak a be\u00edg\u00e9rt szoci\u00e1lis \u00e9s gazdas\u00e1gi int\u00e9zked\u00e9sek. A politikus bejegyz\u00e9s\u00e9ben a g\u00e1zt\u00e1roz\u00f3k t\u00f6lt\u00f6tts\u00e9g\u00e9t, az energiaell\u00e1t\u00e1s hossz\u00fa t\u00e1v\u00fa meg\u00e1llapod\u00e1sait \u00e9s a rezsics\u00f6kkent\u00e9s j\u00f6v\u0151j\u00e9t firtatta.<\/strong><\/p>\n\n\n\n<p class=\"wp-block-paragraph\">A felv\u00e9telen Vit\u00e1lyos Eszter arr\u00f3l besz\u00e9lt, hogy az \u00faj kabinet m\u0171k\u00f6d\u00e9se az elm\u00falt id\u0151szakban nem a szakmai d\u00f6nt\u00e9sekr\u0151l, hanem a l\u00e1tszatint\u00e9zked\u00e9sekr\u0151l sz\u00f3lt. A politikus kijelent\u00e9se szerint a Tisza-korm\u00e1ny lassan a kor\u00e1bbi baloldali id\u0151szakokat id\u00e9z\u0151 magass\u00e1gokba emelkedik a be nem tartott \u00edg\u00e9retek tekintet\u00e9ben:<\/p>\n\n\n\n<blockquote class=\"wp-block-quote is-layout-flow wp-block-quote-is-layout-flow\">\n<p class=\"wp-block-paragraph\">\u201e100 elt\u00e9kozolt, hazugs\u00e1gokra \u00e9p\u00fcl\u0151 nap. Vajon a l\u00e1jkvad\u00e1szaton t\u00fal val\u00f3di korm\u00e1nyz\u00e1s is lesz?\u201d<\/p>\n<\/blockquote>\n\n\n\n<p class=\"wp-block-paragraph\">A politikus a vide\u00f3ban pontokba szedve sorolta fel azokat a ter\u00fcleteket, amelyeken \u00e1ll\u00e1spontja szerint a korm\u00e1nyzat f\u00e9lrevezette a nyilv\u00e1noss\u00e1got. Kiemelte, hogy nem val\u00f3sult meg a be\u00edg\u00e9rt iskolakezd\u00e9si t\u00e1mogat\u00e1s, a gy\u00f3gyszerek \u00e1facs\u00f6kkent\u00e9se, valamint a 480 forintos benzin\u00e1r bevezet\u00e9se sem. Emellett b\u00edr\u00e1lta a sz\u00e9les k\u00f6r\u0171 t\u00e1rsadalmi egyeztet\u00e9sek elmarad\u00e1s\u00e1t, az \u00e1llami int\u00e9zm\u00e9nyvezet\u0151k v\u00e9gzetts\u00e9g\u00e9vel kapcsolatos ellentmond\u00e1sokat, valamint a mentelmi joggal \u00e9s az augusztus 20-i \u00fcnneps\u00e9gek lebonyol\u00edt\u00e1s\u00e1val kapcsolatos korm\u00e1nyzati kommunik\u00e1ci\u00f3t.<\/p>\n\n\n\n<p class=\"wp-block-paragraph\">Vit\u00e1lyos Eszter \u00e9rt\u00e9kel\u00e9se szerint a kabinet els\u0151 sz\u00e1z napja a politikai ellenfelek \u00fcld\u00f6z\u00e9s\u00e9r\u0151l, a t\u00e9nyek elfed\u00e9s\u00e9r\u0151l \u00e9s a p\u00f3zol\u00e1sr\u00f3l sz\u00f3lt, mik\u00f6zben a lakoss\u00e1got k\u00f6zvetlen\u00fcl \u00e9rint\u0151 k\u00e9rd\u00e9sek \u2013 \u00edgy a meg\u00e9lhet\u00e9si k\u00f6lts\u00e9gek, a rezsics\u00f6kkent\u00e9s sorsa \u00e9s az orsz\u00e1g energiabiztons\u00e1ga \u2013 v\u00e1lasz n\u00e9lk\u00fcl maradtak \u2013 der\u00fclt ki a politikus hivatalos oldal\u00e1n megosztott bejegyz\u00e9sb\u0151l.<\/p>\n\n\n<aside class=\"zemino-inline-related\" aria-label=\"Kapcsol\u00f3d\u00f3 cikkek\"><div class=\"zemino-inline-related__title\">M\u00e9g t\u00f6bb: <a class=\"zemino-inline-related__category-link\" href=\"https:\/\/zemino.hu\/ro\/category\/kozelet\/\">K\u00f6z\u00e9let<\/a><\/div><ul class=\"zemino-inline-related__list\"><li class=\"zemino-inline-related__item\"><a class=\"zemino-inline-related__link\" href=\"https:\/\/zemino.hu\/ro\/kozelet\/2026\/09\/03\/fuggetlen-kozmedia-testulet-szentkiralyi-alexandra-dontes\/\">D\u00f6nt\u00f6tt a M\u0171vel\u0151d\u00e9si Bizotts\u00e1g a F\u00fcggetlen K\u00f6zm\u00e9dia Test\u00fclet tagjair\u00f3l: Szentkir\u00e1lyi Alexandra b\u00edr\u00e1lta a kiv\u00e1laszt\u00e1st<\/a><\/li><li class=\"zemino-inline-related__item\"><a class=\"zemino-inline-related__link\" href=\"https:\/\/zemino.hu\/ro\/kozelet\/2026\/09\/02\/kegyelmi-botrany-vizsgalo-bizottsag\/\">\u00d6ssze\u00fcl a kegyelmi botr\u00e1nyt vizsg\u00e1l\u00f3 parlamenti bizotts\u00e1g: k\u00e9nyszer\u00edt\u00e9ssel is el\u00e9rhetik a tan\u00fak megjelen\u00e9s\u00e9t<\/a><\/li><li class=\"zemino-inline-related__item\"><a class=\"zemino-inline-related__link\" href=\"https:\/\/zemino.hu\/ro\/kozelet\/2026\/08\/28\/fidesz-alkotmanybirosag-nvvh-tisza-avh\/\">Alkotm\u00e1nyb\u00edr\u00f3s\u00e1ghoz fordul a Fidesz az \u00fajonnan fel\u00e1ll\u00f3 Nemzeti Vagyonvisszaszerz\u00e9si Hivatal miatt<\/a><\/li><\/ul><\/aside>\n\n\n<figure class=\"wp-block-embed is-type-wp-embed is-provider-zemino wp-block-embed-zemino\"><div class=\"wp-block-embed__wrapper\">\n<blockquote class=\"wp-embedded-content\" data-secret=\"pS6C3EfmOZ\"><a href=\"https:\/\/zemino.hu\/ro\/belfold\/2026\/09\/02\/nemeth-balazs-szeleromuvek-kisalfold-tisza\/\">N\u00e9meth Bal\u00e1zs b\u00edr\u00e1lta a sz\u00e9ler\u0151m\u0171vek telep\u00edt\u00e9s\u00e9re vonatkoz\u00f3 korm\u00e1nyzati terveket<\/a><\/blockquote><iframe loading=\"lazy\" class=\"wp-embedded-content\" sandbox=\"allow-scripts\" security=\"restricted\" style=\"position: absolute; visibility: hidden;\" title=\"\u201cN\u00e9meth Bal\u00e1zs b\u00edr\u00e1lta a sz\u00e9ler\u0151m\u0171vek telep\u00edt\u00e9s\u00e9re vonatkoz\u00f3 korm\u00e1nyzati terveket\u201d \u2014 Zemino\" src=\"https:\/\/zemino.hu\/belfold\/2026\/09\/02\/nemeth-balazs-szeleromuvek-kisalfold-tisza\/embed\/#?secret=zGA7sQfLn3#?secret=pS6C3EfmOZ\" data-secret=\"pS6C3EfmOZ\" width=\"500\" height=\"282\" frameborder=\"0\" marginwidth=\"0\" marginheight=\"0\" scrolling=\"no\"><\/iframe>\n<\/div><\/figure>\n\n\n\n<p class=\"wp-block-paragraph\">Ezt olvastad m\u00e1r? <a href=\"https:\/\/zemino.hu\/ro\/villogos\/2026\/09\/02\/orszagos-kormanyzati-feljelentesek-eximbank-nyomozas\/\" target=\"_blank\">T\u00f6bb mint 2000 milli\u00e1rd forintos b\u0171n\u00fcgyi csomag: 11 \u00fcgyben m\u00e1r nyomoznak a hat\u00f3s\u00e1gok a h\u0171tlen kezel\u00e9st\u0151l a t\u00fal\u00e1razott beszerz\u00e9sekig<\/a><\/p>","protected":false},"excerpt":{"rendered":"<p>A Tisza-korm\u00e1ny els\u0151 sz\u00e1z napj\u00e1t \u00e9rt\u00e9kelte k\u00f6z\u00f6ss\u00e9gi oldal\u00e1n k\u00f6zz\u00e9tett vide\u00f3j\u00e1ban Vit\u00e1lyos Eszter, azt \u00e1ll\u00edtva, hogy a kabinet tev\u00e9kenys\u00e9ge val\u00f3s korm\u00e1nyz\u00e1s helyett a l\u00e1jkvad\u00e1szatra \u00e9s az \u00edg\u00e9retek megszeg\u00e9s\u00e9re \u00e9p\u00fcl. Az ellenz\u00e9ki Fidesz orsz\u00e1ggy\u0171l\u00e9si k\u00e9pvisel\u0151je szerint az \u00faj vezet\u00e9s naponta \u00fajabb \u00e1tver\u00e9sekkel t\u00e9veszti meg a v\u00e1laszt\u00f3kat, mik\u00f6zben elmaradtak a be\u00edg\u00e9rt szoci\u00e1lis \u00e9s gazdas\u00e1gi int\u00e9zked\u00e9sek. A politikus bejegyz\u00e9s\u00e9ben\u2026<\/p>","protected":false},"author":2,"featured_media":6400,"comment_status":"open","ping_status":"open","sticky":false,"template":"","format":"standard","meta":{"_gspb_post_css":"","_zh_crosspost_remote_site":"","_zh_crosspost_remote_post_id":"","_zh_crosspost_last_sync_at":"","_zh_crosspost_last_sync_direction":"","_zh_crosspost_synced_images":"","footnotes":""},"categories":[326],"tags":[2611,515,382,219,400,1031,248,1601],"class_list":["post-6401","post","type-post","status-publish","format-standard","has-post-thumbnail","hentry","category-kozelet","tag-energiaellatas","tag-fidesz","tag-gazdasag","tag-oktatas","tag-orszaggyules","tag-rezsicsokkentes","tag-tisza-part","tag-vitalyos-eszter"],"_links":{"self":[{"href":"https:\/\/zemino.hu\/ro\/wp-json\/wp\/v2\/posts\/6401","targetHints":{"allow":["GET"]}}],"collection":[{"href":"https:\/\/zemino.hu\/ro\/wp-json\/wp\/v2\/posts"}],"about":[{"href":"https:\/\/zemino.hu\/ro\/wp-json\/wp\/v2\/types\/post"}],"author":[{"embeddable":true,"href":"https:\/\/zemino.hu\/ro\/wp-json\/wp\/v2\/users\/2"}],"replies":[{"embeddable":true,"href":"https:\/\/zemino.hu\/ro\/wp-json\/wp\/v2\/comments?post=6401"}],"version-history":[{"count":1,"href":"https:\/\/zemino.hu\/ro\/wp-json\/wp\/v2\/posts\/6401\/revisions"}],"predecessor-version":[{"id":6403,"href":"https:\/\/zemino.hu\/ro\/wp-json\/wp\/v2\/posts\/6401\/revisions\/6403"}],"wp:featuredmedia":[{"embeddable":true,"href":"https:\/\/zemino.hu\/ro\/wp-json\/wp\/v2\/media\/6400"}],"wp:attachment":[{"href":"https:\/\/zemino.hu\/ro\/wp-json\/wp\/v2\/media?parent=6401"}],"wp:term":[{"taxonomy":"category","embeddable":true,"href":"https:\/\/zemino.hu\/ro\/wp-json\/wp\/v2\/categories?post=6401"},{"taxonomy":"post_tag","embeddable":true,"href":"https:\/\/zemino.hu\/ro\/wp-json\/wp\/v2\/tags?post=6401"}],"curies":[{"name":"wp","href":"https:\/\/api.w.org\/{rel}","templated":true}]}}