{"id":6404,"date":"2026-09-03T07:38:54","date_gmt":"2026-09-03T05:38:54","guid":{"rendered":"https:\/\/zemino.hu\/?p=6404"},"modified":"2026-09-03T07:38:55","modified_gmt":"2026-09-03T05:38:55","slug":"fuggetlen-kozmedia-testulet-szentkiralyi-alexandra-dontes","status":"publish","type":"post","link":"https:\/\/zemino.hu\/ro\/kozelet\/2026\/09\/03\/fuggetlen-kozmedia-testulet-szentkiralyi-alexandra-dontes\/","title":{"rendered":"D\u00f6nt\u00f6tt a M\u0171vel\u0151d\u00e9si Bizotts\u00e1g a F\u00fcggetlen K\u00f6zm\u00e9dia Test\u00fclet tagjair\u00f3l: Szentkir\u00e1lyi Alexandra b\u00edr\u00e1lta a kiv\u00e1laszt\u00e1st"},"content":{"rendered":"<p class=\"wp-block-paragraph\"><strong>Megsz\u00fcletett a parlamenti bizotts\u00e1g d\u00f6nt\u00e9se a F\u00fcggetlen K\u00f6zm\u00e9dia Test\u00fclet tagjainak megv\u00e1laszt\u00e1s\u00e1r\u00f3l, mik\u00f6zben a folyamatot \u00e9les politikai vit\u00e1k k\u00eds\u00e9rt\u00e9k az Orsz\u00e1ggy\u0171l\u00e9sben. Szentkir\u00e1lyi Alexandra, a Fidesz politikusa szerint a megalakul\u00f3 test\u00fclet val\u00f3j\u00e1ban nem tekinthet\u0151 f\u00fcggetlennek, mivel a korm\u00e1nyp\u00e1rti t\u00f6bbs\u00e9g a h\u00e1rom ellenz\u00e9ki frakci\u00f3 egyetlen jel\u00f6ltj\u00e9t sem szavazta meg. A k\u00e9pvisel\u0151 kifog\u00e1solta a kiv\u00e1laszt\u00e1si elj\u00e1r\u00e1s menet\u00e9t, valamint a korm\u00e1nyp\u00e1rt \u00e1ltal \u00e1ll\u00edtott jel\u00f6ltek szakmai \u00e9s k\u00f6z\u00e9leti h\u00e1tter\u00e9t.<\/strong><\/p>\n\n\n\n<p class=\"wp-block-paragraph\">A d\u00f6nt\u00e9shozatalt k\u00f6vet\u0151en a politikus k\u00f6z\u00f6ss\u00e9gi oldal\u00e1n \u00e9rt\u00e9kelte a test\u00fcleti n\u00e9vsor \u00f6ssze\u00e1ll\u00edt\u00e1s\u00e1t. <a target=\"_blank\" rel=\"noopener\" href=\"https:\/\/www.facebook.com\/alexandra.szentkiralyi.bp\/posts\/pfbid02Mw9qTp6eTK8SXkCZuqx15V14Efbaq3Fb3KpJwmsLLM9AqGoXczHJokifY1CBECGhl\">Szentkir\u00e1lyi Alexandra Facebook-bejegyz\u00e9se<\/a> szerint a test\u00fclet fel\u00e1ll\u00edt\u00e1s\u00e1nak c\u00e9lja a korm\u00e1nyp\u00e1rti poz\u00edci\u00f3k meger\u0151s\u00edt\u00e9se a k\u00f6zm\u00e9di\u00e1ban, mik\u00f6zben a kiv\u00e1laszt\u00e1st a szakmai szervezetek r\u00e9sz\u00e9r\u0151l kor\u00e1bban t\u00f6bb elj\u00e1r\u00e1si b\u00edr\u00e1lat is \u00e9rte.<\/p>\n\n\n\n<p class=\"wp-block-paragraph\">A bejegyz\u00e9sben a politikus r\u00e9szletesen kit\u00e9rt a Tisza P\u00e1rt \u00e1ltal jel\u00f6lt szem\u00e9lyek kor\u00e1bbi tev\u00e9kenys\u00e9g\u00e9re:<\/p>\n\n\n\n<blockquote class=\"wp-block-quote is-layout-flow wp-block-quote-is-layout-flow\">\n<p class=\"wp-block-paragraph\">\u201eNagy vaj\u00fad\u00e1s el\u0151zte meg, de megsz\u00fcletett a M\u0171vel\u0151d\u00e9si Bizotts\u00e1g d\u00f6nt\u00e9se a F\u00fcggetlen K\u00f6zm\u00e9dia Test\u00fclet tagjair\u00f3l. Igaz, nem f\u00fcggetlen, hiszen egy \u00faj test\u00fclet, amit csak az\u00e9rt hoztak l\u00e9tre egy tollvon\u00e1ssal, hogy a saj\u00e1t embereiket \u00fcltess\u00e9k a k\u00f6zm\u00e9dia \u00e9l\u00e9re, \u00e9s nem is test\u00fclet, hisz a h\u00e1rom ellenz\u00e9ki frakci\u00f3 egyetlen jel\u00f6ltj\u00e9t sem szavazta meg a tisz\u00e1s t\u00f6bbs\u00e9g.\u201d<\/p>\n<\/blockquote>\n\n\n\n<p class=\"wp-block-paragraph\">A felsorol\u00e1sban megnevezett Hargitai Mikl\u00f3s eset\u00e9ben a volt N\u00e9pszabads\u00e1g- \u00e9s N\u00e9pszava-\u00fajs\u00e1g\u00edr\u00f3i m\u00faltat, valamint az Uniomedia \u00fcgyn\u00f6ks\u00e9gi kapcsolatait emelte ki a k\u00e9pvisel\u0151. Szab\u00f3 Gy\u00f6rgy jel\u00f6lts\u00e9g\u00e9n\u00e9l a Demokratikus Ifj\u00fas\u00e1gi Vil\u00e1gsz\u00f6vets\u00e9gben (DIVSZ) \u00e9s a Sanoma vezet\u00e9s\u00e9ben bet\u00f6lt\u00f6tt kor\u00e1bbi szerepv\u00e1llal\u00e1st eml\u00edtette, m\u00edg B\u00e1lint Viktor eset\u00e9ben a Direkt36 fel\u00fcgyel\u0151bizotts\u00e1g\u00e1hoz k\u00f6t\u0151d\u0151 tev\u00e9kenys\u00e9get jel\u00f6lte meg.<\/p>\n\n\n\n<p class=\"wp-block-paragraph\">A szakmai szervezetek \u00e1ltal deleg\u00e1lt tagok k\u00f6z\u00fcl S\u00fck\u00f6sd Mikl\u00f3s h\u00e1tter\u00e9t eml\u00edtette, akin\u00e9l az eDemokr\u00e1cia M\u0171hely kor\u00e1bbi kamp\u00e1nytev\u00e9kenys\u00e9g\u00e9t \u00e9s a k\u00fclf\u00f6ldi forr\u00e1sok felhaszn\u00e1l\u00e1s\u00e1t hozta fel. Szentkir\u00e1lyi Alexandra r\u00f6gz\u00edtette, hogy az ellenz\u00e9k a szakmai test\u00fcletek d\u00f6nt\u00e9seit tiszteletben tartva a szakmai jel\u00f6lteket megszavazta, ugyanakkor a korm\u00e1nyp\u00e1rti deleg\u00e1ltak kiv\u00e1laszt\u00e1s\u00e1t a politikai h\u00e1l\u00f3zatok befoly\u00e1sak\u00e9nt \u00e9rt\u00e9kelte.<\/p>\n\n\n\n<figure class=\"wp-block-embed is-type-rich is-provider-facebook wp-block-embed-facebook\"><div class=\"wp-block-embed__wrapper\">\n<div id=\"fb-root\"><\/div><script async=\"1\" defer=\"1\" crossorigin=\"anonymous\" src=\"https:\/\/connect.facebook.net\/hu_HU\/sdk.js#xfbml=1&amp;version=v26.0\"><\/script><div class=\"fb-post\" data-href=\"https:\/\/www.facebook.com\/alexandra.szentkiralyi.bp\/posts\/pfbid02Mw9qTp6eTK8SXkCZuqx15V14Efbaq3Fb3KpJwmsLLM9AqGoXczHJokifY1CBECGhl\" data-width=\"500\"><\/div>\n<\/div><\/figure>\n\n\n\n<p class=\"wp-block-paragraph\"><\/p>","protected":false},"excerpt":{"rendered":"<p>Megsz\u00fcletett a parlamenti bizotts\u00e1g d\u00f6nt\u00e9se a F\u00fcggetlen K\u00f6zm\u00e9dia Test\u00fclet tagjainak megv\u00e1laszt\u00e1s\u00e1r\u00f3l, mik\u00f6zben a folyamatot \u00e9les politikai vit\u00e1k k\u00eds\u00e9rt\u00e9k az Orsz\u00e1ggy\u0171l\u00e9sben. Szentkir\u00e1lyi Alexandra, a Fidesz politikusa szerint a megalakul\u00f3 test\u00fclet val\u00f3j\u00e1ban nem tekinthet\u0151 f\u00fcggetlennek, mivel a korm\u00e1nyp\u00e1rti t\u00f6bbs\u00e9g a h\u00e1rom ellenz\u00e9ki frakci\u00f3 egyetlen jel\u00f6ltj\u00e9t sem szavazta meg. A k\u00e9pvisel\u0151 kifog\u00e1solta a kiv\u00e1laszt\u00e1si elj\u00e1r\u00e1s menet\u00e9t, valamint a\u2026<\/p>","protected":false},"author":2,"featured_media":6405,"comment_status":"open","ping_status":"open","sticky":false,"template":"","format":"standard","meta":{"_gspb_post_css":"","_zh_crosspost_remote_site":"","_zh_crosspost_remote_post_id":"","_zh_crosspost_last_sync_at":"","_zh_crosspost_last_sync_direction":"","_zh_crosspost_synced_images":"","footnotes":""},"categories":[326],"tags":[515,3403,1041,358,3404,400,497,248],"class_list":["post-6404","post","type-post","status-publish","format-standard","has-post-thumbnail","hentry","category-kozelet","tag-fidesz","tag-fuggetlen-kozmedia-testulet","tag-kozmedia","tag-media","tag-muvelodesi-bizottsag","tag-orszaggyules","tag-szentkiralyi-alexandra","tag-tisza-part"],"_links":{"self":[{"href":"https:\/\/zemino.hu\/ro\/wp-json\/wp\/v2\/posts\/6404","targetHints":{"allow":["GET"]}}],"collection":[{"href":"https:\/\/zemino.hu\/ro\/wp-json\/wp\/v2\/posts"}],"about":[{"href":"https:\/\/zemino.hu\/ro\/wp-json\/wp\/v2\/types\/post"}],"author":[{"embeddable":true,"href":"https:\/\/zemino.hu\/ro\/wp-json\/wp\/v2\/users\/2"}],"replies":[{"embeddable":true,"href":"https:\/\/zemino.hu\/ro\/wp-json\/wp\/v2\/comments?post=6404"}],"version-history":[{"count":1,"href":"https:\/\/zemino.hu\/ro\/wp-json\/wp\/v2\/posts\/6404\/revisions"}],"predecessor-version":[{"id":6407,"href":"https:\/\/zemino.hu\/ro\/wp-json\/wp\/v2\/posts\/6404\/revisions\/6407"}],"wp:featuredmedia":[{"embeddable":true,"href":"https:\/\/zemino.hu\/ro\/wp-json\/wp\/v2\/media\/6405"}],"wp:attachment":[{"href":"https:\/\/zemino.hu\/ro\/wp-json\/wp\/v2\/media?parent=6404"}],"wp:term":[{"taxonomy":"category","embeddable":true,"href":"https:\/\/zemino.hu\/ro\/wp-json\/wp\/v2\/categories?post=6404"},{"taxonomy":"post_tag","embeddable":true,"href":"https:\/\/zemino.hu\/ro\/wp-json\/wp\/v2\/tags?post=6404"}],"curies":[{"name":"wp","href":"https:\/\/api.w.org\/{rel}","templated":true}]}}