{"id":6408,"date":"2026-09-03T20:06:56","date_gmt":"2026-09-03T18:06:56","guid":{"rendered":"https:\/\/zemino.hu\/?p=6408"},"modified":"2026-09-03T20:06:57","modified_gmt":"2026-09-03T18:06:57","slug":"milliardos-tularazassal-szerzete-be-a-lelegeztetogepeket-a-kulugy","status":"publish","type":"post","link":"https:\/\/zemino.hu\/ro\/belfold\/2026\/09\/03\/milliardos-tularazassal-szerzete-be-a-lelegeztetogepeket-a-kulugy\/","title":{"rendered":"Konkr\u00e9t adatokkal igazolt milli\u00e1rdos t\u00fal\u00e1raz\u00e1sokra bukkantak a koronav\u00edrus-j\u00e1rv\u00e1ny idej\u00e9n lebonyol\u00edtott, 300 milli\u00e1rd forintos l\u00e9legeztet\u0151g\u00e9p-beszerz\u00e9sekn\u00e9l"},"content":{"rendered":"<p class=\"wp-block-paragraph\"><strong>Miniszt\u00e9riumi \u00e1tvil\u00e1g\u00edt\u00e1s adataira hivatkozva hozott nyilv\u00e1noss\u00e1gra r\u00e9szletes adatokat Heged\u0171s Zsolt a koronav\u00edrus-j\u00e1rv\u00e1ny idej\u00e9n megval\u00f3sult, mintegy 300 milli\u00e1rd forintos l\u00e9legeztet\u0151g\u00e9p-beszerz\u00e9sekr\u0151l. A dokumentumok \u00e9s sz\u00e1ml\u00e1k szerint a Szijj\u00e1rt\u00f3 P\u00e9ter vezette K\u00fclgazdas\u00e1gi \u00e9s K\u00fcl\u00fcgyminiszt\u00e9rium j\u00f3val dr\u00e1g\u00e1bban vette meg a k\u00fclf\u00f6dr\u0151l behozott eszk\u00f6z\u00f6ket, mint amennyi\u00e9rt a k\u00f6zvet\u00edt\u0151 c\u00e9gek azokhoz jutottak, a k\u00fcl\u00f6nb\u00f6zet pedig t\u00f6bb c\u00e9gn\u00e9l is milli\u00e1rdos nagys\u00e1grend\u0171 volt.<\/strong><\/p>\n\n\n\n<p class=\"wp-block-paragraph\">A <a href=\"https:\/\/www.facebook.com\/drhegeduszsolt?ref=embed_post\" target=\"_blank\" rel=\"noopener\">nyilv\u00e1noss\u00e1gra hozott adatok<\/a> szerint a tranzakci\u00f3k sor\u00e1n sz\u00e1mos k\u00fclf\u00f6ldi \u00e9s magyar k\u00f6zvet\u00edt\u0151 c\u00e9get iktattak k\u00f6zbe, amelyek t\u00falnyom\u00f3 t\u00f6bbs\u00e9ge kor\u00e1bban egy\u00e1ltal\u00e1n nem foglalkozott eg\u00e9szs\u00e9g\u00fcgyi eszk\u00f6z\u00f6kkel. Ezt a tev\u00e9kenys\u00e9gi k\u00f6rt legt\u00f6bbsz\u00f6r k\u00f6zvetlen\u00fcl a szerz\u0151d\u00e9sk\u00f6t\u00e9s el\u0151tt vett\u00e9k fel, s\u0151t olyan v\u00e1llalkoz\u00e1s is akadt, amelyet \u00e9ppen 2020-ban alap\u00edtottak. Az \u00e9rintett c\u00e9gek k\u00f6z\u00fcl t\u00f6bb a j\u00e1rv\u00e1nyid\u0151szak alatt megsokszorozta a bev\u00e9teleit, m\u00edg a dokumentumok alapj\u00e1n a beszerz\u00e9si \u00e1rak \u00e9s az elad\u00e1si \u00e1rak k\u00f6z\u00f6tt jelent\u0151s k\u00fcl\u00f6nb\u00f6zetek keletkeztek.<\/p>\n\n\n\n<p class=\"wp-block-paragraph\">Hat konkr\u00e9t c\u00e9g adatai ezt pontosan al\u00e1t\u00e1masztj\u00e1k:<\/p>\n\n\n\n<ul class=\"wp-block-list\">\n<li>A <strong>TMT Technics Kft.<\/strong> 1208 darab l\u00e9legeztet\u0151g\u00e9pet szerzett be 24,4 milli\u00f3 eur\u00f3\u00e9rt, Szijj\u00e1rt\u00f3\u00e9k pedig 35,5 milli\u00f3 eur\u00f3\u00e9rt vett\u00e9k meg t\u0151l\u00fck, ami k\u00f6zel 4 milli\u00e1rd forintos (11 milli\u00f3 eur\u00f3s) k\u00fcl\u00f6nb\u00f6zetet jelent. A c\u00e9g a Covid el\u0151tt csomagol\u00e1ssal foglalkozott, bev\u00e9tele 113 milli\u00f3r\u00f3l 18,6 milli\u00e1rd forintra ugrott, amib\u0151l a tulajdonosok 864 milli\u00f3 forint osztal\u00e9kel\u0151leget vettek ki. A v\u00e1llalkoz\u00e1s az\u00f3ta k\u00e9nyszert\u00f6rl\u00e9s alatt \u00e1ll, az eszk\u00f6z\u00f6k t\u00f6bbs\u00e9ge pedig rakt\u00e1rban porosodik.<\/li>\n\n\n\n<li>A <strong>Pro Concept Tan\u00e1csad\u00f3 Kft.<\/strong> 727 darab l\u00e9legeztet\u0151g\u00e9pet, valamint maszkokat, teszteket \u00e9s over\u00e1lokat vett 32 milli\u00f3 eur\u00f3\u00e9rt, a t\u00e1rca viszont 49 milli\u00f3 eur\u00f3t fizetett \u00e9rte, ami 6,2 milli\u00e1rd forintos (17 milli\u00f3 eur\u00f3s) elt\u00e9r\u00e9s. Az informatikai szaktan\u00e1csad\u00e1ssal foglalkoz\u00f3 c\u00e9g egy nappal a KKM-mel k\u00f6t\u00f6tt szerz\u0151d\u00e9s el\u0151tt b\u0151v\u00edtette tev\u00e9kenys\u00e9g\u00e9t gy\u00f3gy\u00e1szati term\u00e9kekre, bev\u00e9tele pedig 3,8 milli\u00e1rdr\u00f3l 35 milli\u00e1rd forintra n\u0151tt 2020-ban.<\/li>\n\n\n\n<li>Az <strong>OTT-ONE Nyrt.<\/strong> 500 darab l\u00e9legeztet\u0151g\u00e9pet szerzett be 13 milli\u00f3 doll\u00e1r\u00e9rt, amit 14,5 milli\u00f3 doll\u00e1r\u00e9rt adott tov\u00e1bb, ez 506 milli\u00f3 forintos (1,5 milli\u00f3 doll\u00e1ros) k\u00fcl\u00f6nb\u00f6zet. A c\u00e9g k\u00e9t h\u00e9ttel a szerz\u0151d\u00e9sk\u00f6t\u00e9s el\u0151tt v\u00e1lt eg\u00e9szs\u00e9g\u00fcgyi besz\u00e1ll\u00edt\u00f3v\u00e1, \u00e1rbev\u00e9tele 3 milli\u00e1rdr\u00f3l 12 milli\u00e1rd forintra emelkedett, az\u00f3ta viszont k\u00e9nyszert\u00f6rl\u00e9ssel megsz\u0171nt.<\/li>\n\n\n\n<li>A <strong>Gy\u00f6mr\u0151i-sarok Projekt Szolg\u00e1ltat\u00f3 Kft.<\/strong> 25,1 milli\u00f3 doll\u00e1r\u00e9rt v\u00e1s\u00e1rolt maszkokat \u00e9s keszty\u0171ket, amelyeket 27,7 milli\u00f3 doll\u00e1r\u00e9rt \u00e9rt\u00e9kes\u00edtett tov\u00e1bb a miniszt\u00e9riumnak, \u00edgy 876 milli\u00f3 forintos (2,6 milli\u00f3 doll\u00e1ros) k\u00fcl\u00f6nb\u00f6zet keletkezett. Az ingatlanos c\u00e9g textil-nagykereskedelemmel eg\u00e9sz\u00edtette ki profilj\u00e1t, 155 milli\u00f3s bev\u00e9tele pedig 13 milli\u00e1rd forintra ugr\u00e1sszer\u0171en n\u0151tt, amib\u0151l k\u00f6zel 1 milli\u00e1rd forint osztal\u00e9kot vettek ki.<\/li>\n\n\n\n<li>A <strong>Speci\u00e1l 99 K\u00fclkereskedelmi Kft.<\/strong> 30 ezer Covid-gyorstesztet szerzett be 186 ezer doll\u00e1r\u00e9rt, \u00e9s 570 ezer doll\u00e1r\u00e9rt adta tov\u00e1bb, ami 130 milli\u00f3 forintos (384 ezer doll\u00e1ros) k\u00fcl\u00f6nbs\u00e9get mutat. \u00c1rbev\u00e9tele 256 milli\u00f3r\u00f3l 631 milli\u00f3 forintra emelkedett 2020-ban.<\/li>\n\n\n\n<li>A <strong>MAROSPORT Kereskedelmi Kft.<\/strong> 12,1 milli\u00f3 doll\u00e1r\u00e9rt vett maszkokat, keszty\u0171ket \u00e9s k\u00f6penyeket, amiket 17,6 milli\u00f3 doll\u00e1r\u00e9rt adott tov\u00e1bb a KKM-nek, ez 1,8 milli\u00e1rd forintos (5,5 milli\u00f3 doll\u00e1ros) k\u00fcl\u00f6nb\u00f6zetet eredm\u00e9nyezett. A ruh\u00e1zattal foglalkoz\u00f3 v\u00e1llalkoz\u00e1s k\u00e9t nappal a szerz\u0151d\u00e9s el\u0151tt b\u0151v\u00edtette vegyes term\u00e9kekre a portf\u00f3li\u00f3j\u00e1t, amellyel bev\u00e9tele a 2019-es 230 milli\u00f3 forintr\u00f3l 2020-ban 50 milli\u00e1rd, 2021-ben pedig 43 milli\u00e1rd forintra ugrott.<\/li>\n<\/ul>\n\n\n\n<p class=\"wp-block-paragraph\">A bemutatott hat c\u00e9g eset\u00e9ben a k\u00fcl\u00f6nb\u00f6zet \u00f6sszesen 15,5 milli\u00e1rd forintot tesz ki. Az eddig felt\u00e1rt inform\u00e1ci\u00f3k szerint a feladatra szerz\u0151d\u00f6tt, m\u00e1ra megsz\u0171nt magyar c\u00e9gek a j\u00e1rv\u00e1ny idej\u00e9n \u00f6sszesen mintegy 86 milli\u00e1rd forint \u00e1rbev\u00e9telt \u00e9s nagyj\u00e1b\u00f3l 21 milli\u00e1rd forint osztal\u00e9kot realiz\u00e1ltak. A K\u00fcl\u00fcgyminiszt\u00e9rium kor\u00e1bban k\u00fcl\u00f6n\u00f6sen jelent\u0151s vagyoni h\u00e1tr\u00e1nyt okoz\u00f3 h\u0171tlen kezel\u00e9s \u00e9s egy\u00e9b b\u0171ncselekm\u00e9nyek gyan\u00faj\u00e1val tett feljelent\u00e9st ismeretlen tettes ellen a beszerz\u00e9sek miatt.<\/p>\n\n\n\n<figure class=\"wp-block-embed is-type-rich is-provider-facebook wp-block-embed-facebook\"><div class=\"wp-block-embed__wrapper\">\n<div id=\"fb-root\"><\/div><script async=\"1\" defer=\"1\" crossorigin=\"anonymous\" src=\"https:\/\/connect.facebook.net\/hu_HU\/sdk.js#xfbml=1&amp;version=v26.0\"><\/script><div class=\"fb-post\" data-href=\"https:\/\/www.facebook.com\/drhegeduszsolt\/posts\/pfbid0yeS85Jab2Fk9GFwZ8bfAVXJjpXGNhJBr6AnpNLbajLkVrqHPfGjysBVFHVWcXU8jl?__cft__\" data-width=\"500\"><\/div>\n<\/div><\/figure>\n\n\n<aside class=\"zemino-inline-related\" aria-label=\"Kapcsol\u00f3d\u00f3 cikkek\"><div class=\"zemino-inline-related__title\">M\u00e9g t\u00f6bb: <a class=\"zemino-inline-related__category-link\" href=\"https:\/\/zemino.hu\/ro\/category\/belfold\/\">Belf\u00f6ld<\/a><\/div><ul class=\"zemino-inline-related__list\"><li class=\"zemino-inline-related__item\"><a class=\"zemino-inline-related__link\" href=\"https:\/\/zemino.hu\/ro\/belfold\/2026\/08\/31\/velkey-gyorgy-szijjarto-peter-lelegeztetogep-beszerzes\/\">Komoly min\u0151s\u00e9gi probl\u00e9m\u00e1k akadtak a koronav\u00edrus-j\u00e1rv\u00e1ny idej\u00e9n beszerzett l\u00e9legeztet\u0151g\u00e9pekkel, amelyekr\u0151l m\u00e1r a k\u00e9sz\u00fcl\u00e9kek be\u00e9rkez\u00e9sekor pontosan tudtak<\/a><\/li><li class=\"zemino-inline-related__item\"><a class=\"zemino-inline-related__link\" href=\"https:\/\/zemino.hu\/ro\/belfold\/2026\/08\/26\/menczer-tamas-lelegeztetogep-beszerzes-feljelentes-kulugyminiszterium\/\">Menczer Tam\u00e1s Ruffnak: \u201eaz \u00e9n vagyonomat azt\u00e1n keresheted bazdmeg\u201d<\/a><\/li><li class=\"zemino-inline-related__item\"><a class=\"zemino-inline-related__link\" href=\"https:\/\/zemino.hu\/ro\/belfold\/2026\/09\/02\/titkos-kormanyhatarozatok-orban-kormany-penzosztas-500-milliard\/\">Titkos korm\u00e1nyhat\u00e1rozatok: legal\u00e1bb 500 milli\u00e1rd forintot oszthatott sz\u00e9t a v\u00e1laszt\u00e1sok el\u0151tt az Orb\u00e1n-korm\u00e1ny<\/a><\/li><\/ul><\/aside>","protected":false},"excerpt":{"rendered":"<p>Dokumentumok mutatj\u00e1k be, hogy a k\u00fcl\u00fcgy \u00e1ltal beszerzett l\u00e9legeztet\u0151g\u00e9pek milli\u00e1rdos t\u00fal\u00e1raz\u00e1ssal \u00e9rkeztek k\u00f6zvet\u00edt\u0151 c\u00e9geken kereszt\u00fcl.<\/p>","protected":false},"author":2,"featured_media":6409,"comment_status":"open","ping_status":"open","sticky":false,"template":"","format":"standard","meta":{"_gspb_post_css":"","_zh_crosspost_remote_site":"zsaruhirek","_zh_crosspost_remote_post_id":"90091","_zh_crosspost_last_sync_at":"2026-09-03 20:04:16","_zh_crosspost_last_sync_direction":"zsaruhirek_to_zemino","_zh_crosspost_synced_images":"1","footnotes":""},"categories":[31],"tags":[141,3240,181,1073,907],"class_list":["post-6408","post","type-post","status-publish","format-standard","has-post-thumbnail","hentry","category-belfold","tag-beszerzes","tag-koronavirus","tag-kozbeszerzes","tag-lelegeztetogep","tag-tularazas"],"_links":{"self":[{"href":"https:\/\/zemino.hu\/ro\/wp-json\/wp\/v2\/posts\/6408","targetHints":{"allow":["GET"]}}],"collection":[{"href":"https:\/\/zemino.hu\/ro\/wp-json\/wp\/v2\/posts"}],"about":[{"href":"https:\/\/zemino.hu\/ro\/wp-json\/wp\/v2\/types\/post"}],"author":[{"embeddable":true,"href":"https:\/\/zemino.hu\/ro\/wp-json\/wp\/v2\/users\/2"}],"replies":[{"embeddable":true,"href":"https:\/\/zemino.hu\/ro\/wp-json\/wp\/v2\/comments?post=6408"}],"version-history":[{"count":1,"href":"https:\/\/zemino.hu\/ro\/wp-json\/wp\/v2\/posts\/6408\/revisions"}],"predecessor-version":[{"id":6411,"href":"https:\/\/zemino.hu\/ro\/wp-json\/wp\/v2\/posts\/6408\/revisions\/6411"}],"wp:featuredmedia":[{"embeddable":true,"href":"https:\/\/zemino.hu\/ro\/wp-json\/wp\/v2\/media\/6409"}],"wp:attachment":[{"href":"https:\/\/zemino.hu\/ro\/wp-json\/wp\/v2\/media?parent=6408"}],"wp:term":[{"taxonomy":"category","embeddable":true,"href":"https:\/\/zemino.hu\/ro\/wp-json\/wp\/v2\/categories?post=6408"},{"taxonomy":"post_tag","embeddable":true,"href":"https:\/\/zemino.hu\/ro\/wp-json\/wp\/v2\/tags?post=6408"}],"curies":[{"name":"wp","href":"https:\/\/api.w.org\/{rel}","templated":true}]}}