{"id":6413,"date":"2026-09-04T06:05:53","date_gmt":"2026-09-04T04:05:53","guid":{"rendered":"https:\/\/zemino.hu\/?p=6413"},"modified":"2026-09-04T06:06:04","modified_gmt":"2026-09-04T04:06:04","slug":"matolcsy-gyorgy-mnb-alapitvanyok-kozpenz","status":"publish","type":"post","link":"https:\/\/zemino.hu\/ro\/kozelet\/2026\/09\/04\/matolcsy-gyorgy-mnb-alapitvanyok-kozpenz\/","title":{"rendered":"Matolcsy Gy\u00f6rgy: \u00c1llok el\u00e9be az \u00f6sszes vizsg\u00e1latnak"},"content":{"rendered":"<p class=\"wp-block-paragraph\"><strong>Matolcsy Gy\u00f6rgy volt jegybankeln\u00f6k \u00faj vide\u00f3sorozatot ind\u00edtott, amelyben a Magyar Nemzeti Bankot \u00e9rint\u0151 vit\u00e1s k\u00e9rd\u00e9seket \u00e9s a k\u00f6zp\u00e9nz jelleg\u00e9t igyekszik tiszt\u00e1zni. A volt eln\u00f6k hangs\u00falyozta, hogy a jegybank alap\u00edtv\u00e1nyaiba utalt \u00f6sszeg val\u00f3ban k\u00f6zp\u00e9nz, \u00e1m az nem az ad\u00f3fizet\u0151k forintjaib\u00f3l, hanem az MNB saj\u00e1t bankm\u0171veleteib\u0151l sz\u00e1rmazik.<\/strong><\/p>\n\n\n\n<p class=\"wp-block-paragraph\">A volt jegybankeln\u00f6k frissen k\u00f6zz\u00e9tett vide\u00f3j\u00e1ban arr\u00f3l besz\u00e9lt, hogy a sok hamis \u00e1ll\u00edt\u00e1s ut\u00e1n szeretn\u00e9 megosztani a val\u00f3s t\u00f6rt\u00e9neteket a Magyar Nemzeti Bank m\u0171k\u00f6d\u00e9s\u00e9r\u0151l, amelyet tizenk\u00e9t \u00e9ven \u00e1t vezetett. Matolcsy Gy\u00f6rgy bevezet\u0151j\u00e9ben \u00fagy fogalmazott:<\/p>\n\n\n\n<blockquote class=\"wp-block-quote is-layout-flow wp-block-quote-is-layout-flow\">\n<p class=\"wp-block-paragraph\">\u201eT\u00f6rt\u00e9neteket mes\u00e9lek \u00f6n\u00f6knek. A sok hamis t\u00f6rt\u00e9net ut\u00e1n igaz t\u00f6rt\u00e9neteket. Mindegyik a p\u00e9nzr\u0151l sz\u00f3l, mindegyik k\u00f6z\u00e9ppontj\u00e1ban a Magyar Nemzeti Bank \u00e1ll, amelynek 12 \u00e9vig lehettem a vezet\u0151je, az eln\u00f6ke\u201d<\/p>\n<\/blockquote>\n\n\n\n<p class=\"wp-block-paragraph\">A volt eln\u00f6k hat\u00e1rozottan c\u00e1folta, hogy t\u0151le sz\u00e1rmazna az a h\u00edrhedt kijelent\u00e9s, miszerint az alap\u00edtv\u00e1nyi vagyon elvesz\u00edtette volna k\u00f6zp\u00e9nz jelleg\u00e9t. Mint mondta:<\/p>\n\n\n\n<blockquote class=\"wp-block-quote is-layout-flow wp-block-quote-is-layout-flow\">\n<p class=\"wp-block-paragraph\">\u201eT\u00edz \u00e9ve nekem tulajdon\u00edtj\u00e1k azt a mondatot, amit soha nem mondtam, hogy teh\u00e1t elvesz\u00edthette az alap\u00edtv\u00e1nyi vagyon a k\u00f6zp\u00e9nz jelleg\u00e9t\u201d.<\/p>\n<\/blockquote>\n\n\n\n<p class=\"wp-block-paragraph\">Matolcsy kifejtette, hogy vizsg\u00e1latuk szerint ez az \u00e1ll\u00edt\u00e1s k\u00e9t helyr\u0151l eredhet: egyr\u00e9szt az MNB-alap\u00edtv\u00e1nyok jogi k\u00e9pvisel\u0151je haszn\u00e1lta egy b\u00edr\u00f3s\u00e1gi per sor\u00e1n, m\u00e1sr\u00e9szt fideszes k\u00e9pvisel\u0151k r\u00f6gz\u00edtett\u00e9k egy kor\u00e1bbi t\u00f6rv\u00e9nyjavaslatban. B\u00e1r a parlament akkori t\u00f6bbs\u00e9ge megszavazta a javaslatot, az Alkotm\u00e1nyb\u00edr\u00f3s\u00e1g v\u00e9g\u00fcl alkotm\u00e1nyellenesnek tal\u00e1lta \u00e9s megsemmis\u00edtette azt. Ezt k\u00f6vet\u0151en olyan szab\u00e1lyoz\u00e1st fogadtak el, amely egy\u00e9rtelm\u0171v\u00e9 tette, hogy az alap\u00edtv\u00e1nyok vagyona k\u00f6zp\u00e9nznek min\u0151s\u00fcl, \u00e9s az \u00c1llami Sz\u00e1mvev\u0151sz\u00e9k ellen\u0151rz\u00e9se al\u00e1 tartozik.<\/p>\n\n\n\n<p class=\"wp-block-paragraph\">A volt jegybankeln\u00f6k ugyanakkor fontosnak tartotta kiemelni, hogy l\u00e9nyeges k\u00fcl\u00f6nbs\u00e9g van a k\u00f6lts\u00e9gvet\u00e9sben szerepl\u0151 \u00e9s a jegybankn\u00e1l l\u00e9v\u0151 k\u00f6zp\u00e9nz k\u00f6z\u00f6tt.<\/p>\n\n\n\n<blockquote class=\"wp-block-quote is-layout-flow wp-block-quote-is-layout-flow\">\n<p class=\"wp-block-paragraph\">\u201eJelent\u0151s a k\u00fcl\u00f6nbs\u00e9g. A jegybank p\u00e9nzt teremt. A jegybankban l\u00e9v\u0151 p\u00e9nz nem az ad\u00f3forintokb\u00f3l sz\u00e1rmazik\u201d.<\/p>\n<\/blockquote>\n\n\n\n<p class=\"wp-block-paragraph\">Matolcsy magyar\u00e1zata szerint az MNB forr\u00e1sai bankm\u0171veletekb\u0151l \u2013 \u00edgy deviza ad\u00e1sv\u00e9tel\u00e9b\u0151l, valamint kamatfizet\u00e9sekb\u0151l \u00e9s kamatbev\u00e9telekb\u0151l \u2013 sz\u00e1rmaznak.<\/p>\n\n\n<aside class=\"zemino-inline-related\" aria-label=\"Kapcsol\u00f3d\u00f3 cikkek\"><div class=\"zemino-inline-related__title\">M\u00e9g t\u00f6bb: <a class=\"zemino-inline-related__category-link\" href=\"https:\/\/zemino.hu\/ro\/category\/kozelet\/\">K\u00f6z\u00e9let<\/a><\/div><ul class=\"zemino-inline-related__list\"><li class=\"zemino-inline-related__item\"><a class=\"zemino-inline-related__link\" href=\"https:\/\/zemino.hu\/ro\/kozelet\/2026\/09\/02\/kegyelmi-botrany-vizsgalo-bizottsag\/\">\u00d6ssze\u00fcl a kegyelmi botr\u00e1nyt vizsg\u00e1l\u00f3 parlamenti bizotts\u00e1g: k\u00e9nyszer\u00edt\u00e9ssel is el\u00e9rhetik a tan\u00fak megjelen\u00e9s\u00e9t<\/a><\/li><li class=\"zemino-inline-related__item\"><a class=\"zemino-inline-related__link\" href=\"https:\/\/zemino.hu\/ro\/kozelet\/2026\/09\/04\/duro-dora-lmbtq-tanevnyito-budapest\/\">D\u00far\u00f3 D\u00f3ra: LMBTQ-tan\u00e9vnyit\u00f3t t\u00e1mogatott az Oktat\u00e1si \u00e9s Gyermek\u00fcgyi Miniszt\u00e9rium k\u00e9pvisel\u0151je<\/a><\/li><li class=\"zemino-inline-related__item\"><a class=\"zemino-inline-related__link\" href=\"https:\/\/zemino.hu\/ro\/kozelet\/2026\/09\/03\/fuggetlen-kozmedia-testulet-szentkiralyi-alexandra-dontes\/\">D\u00f6nt\u00f6tt a M\u0171vel\u0151d\u00e9si Bizotts\u00e1g a F\u00fcggetlen K\u00f6zm\u00e9dia Test\u00fclet tagjair\u00f3l: Szentkir\u00e1lyi Alexandra b\u00edr\u00e1lta a kiv\u00e1laszt\u00e1st<\/a><\/li><\/ul><\/aside>\n\n\n<p class=\"wp-block-paragraph\">A volt eln\u00f6k kit\u00e9rt arra is, hogy jelenleg vizsg\u00e1lat zajlik annak kider\u00edt\u00e9s\u00e9re, megvan-e m\u00e9g az alap\u00edtv\u00e1nyokba helyezett k\u00f6zp\u00e9nz. Matolcsy \u00fcdv\u00f6z\u00f6lte az ellen\u0151rz\u00e9st, de hozz\u00e1tette, hogy a vizsg\u00e1latnak sz\u00e9lesebb k\u00f6r\u0171nek kellene lennie.<\/p>\n\n\n\n<blockquote class=\"wp-block-quote is-layout-flow wp-block-quote-is-layout-flow\">\n<p class=\"wp-block-paragraph\">\u201eNem csup\u00e1n a kor\u00e1bbi jegybanki vezet\u00e9st kell vizsg\u00e1lni, hanem a mostani jegybanki vezet\u00e9st is. A magam r\u00e9sz\u00e9r\u0151l \u00e1llok el\u00e9be az \u00f6sszes ilyen vizsg\u00e1latnak.\u201d<\/p>\n<\/blockquote>\n\n\n\n<p class=\"wp-block-paragraph\">Matolcsy Gy\u00f6rgy a vide\u00f3ban elhangzott \u00e1ll\u00edt\u00e1sai al\u00e1t\u00e1maszt\u00e1s\u00e1ra egy <a href=\"https:\/\/pdfhost.io\/v\/bfv5TNUNy5_Aranykor_EP_1_-_Forr%C3%A1sok\" target=\"_blank\" rel=\"noopener\">k\u00fcl\u00f6n dokumentumot<\/a> is k\u00f6zz\u00e9tett. A felv\u00e9tel megjelen\u00e9se egybeesett az MNB-botr\u00e1nyt vizsg\u00e1l\u00f3 parlamenti vizsg\u00e1l\u00f3bizotts\u00e1g els\u0151 \u00fcl\u00e9s\u00e9vel, ahol az a d\u00f6nt\u00e9s sz\u00fcletett, hogy els\u0151k\u00e9nt a vitatott t\u00f6rv\u00e9nyjavaslatot beny\u00fajt\u00f3 B\u00e1nki Eriket, valamint az azt megszavaz\u00f3 Fidesz-frakci\u00f3 vezet\u0151j\u00e9t, K\u00f3sa Lajost hallgatj\u00e1k meg.<\/p>\n\n\n\n<figure class=\"wp-block-embed is-type-video is-provider-youtube wp-block-embed-youtube wp-embed-aspect-16-9 wp-has-aspect-ratio\"><div class=\"wp-block-embed__wrapper\">\n<iframe loading=\"lazy\" title=\"Aranykor EP. 1\" width=\"500\" height=\"281\" src=\"https:\/\/www.youtube.com\/embed\/XdhrzEMK8Ks?feature=oembed\" frameborder=\"0\" allow=\"accelerometer; autoplay; clipboard-write; encrypted-media; gyroscope; picture-in-picture; web-share\" referrerpolicy=\"strict-origin-when-cross-origin\" allowfullscreen><\/iframe>\n<\/div><\/figure>","protected":false},"excerpt":{"rendered":"<p>Matolcsy Gy\u00f6rgy volt jegybankeln\u00f6k \u00faj vide\u00f3j\u00e1ban tiszt\u00e1zta az MNB-alap\u00edtv\u00e1nyok p\u00e9nz\u00e9nek eredet\u00e9t, \u00e9s jelezte, hogy \u00e1ll a parlamenti vizsg\u00e1latok el\u00e9be.<\/p>","protected":false},"author":7,"featured_media":6412,"comment_status":"open","ping_status":"open","sticky":false,"template":"","format":"standard","meta":{"_gspb_post_css":"","_zh_crosspost_remote_site":"zsaruhirek","_zh_crosspost_remote_post_id":"90107","_zh_crosspost_last_sync_at":"2026-09-04 06:12:32","_zh_crosspost_last_sync_direction":"zemino_to_zsaruhirek","_zh_crosspost_synced_images":"1","footnotes":""},"categories":[326],"tags":[3405,2999,1146,805,2914,806,1331],"class_list":["post-6413","post","type-post","status-publish","format-standard","has-post-thumbnail","hentry","category-kozelet","tag-banki-erik","tag-kosa-lajos","tag-kozpenz","tag-magyar-nemzeti-bank","tag-matolcsy-gyorgy","tag-mnb","tag-vizsgalobizottsag"],"_links":{"self":[{"href":"https:\/\/zemino.hu\/ro\/wp-json\/wp\/v2\/posts\/6413","targetHints":{"allow":["GET"]}}],"collection":[{"href":"https:\/\/zemino.hu\/ro\/wp-json\/wp\/v2\/posts"}],"about":[{"href":"https:\/\/zemino.hu\/ro\/wp-json\/wp\/v2\/types\/post"}],"author":[{"embeddable":true,"href":"https:\/\/zemino.hu\/ro\/wp-json\/wp\/v2\/users\/7"}],"replies":[{"embeddable":true,"href":"https:\/\/zemino.hu\/ro\/wp-json\/wp\/v2\/comments?post=6413"}],"version-history":[{"count":1,"href":"https:\/\/zemino.hu\/ro\/wp-json\/wp\/v2\/posts\/6413\/revisions"}],"predecessor-version":[{"id":6416,"href":"https:\/\/zemino.hu\/ro\/wp-json\/wp\/v2\/posts\/6413\/revisions\/6416"}],"wp:featuredmedia":[{"embeddable":true,"href":"https:\/\/zemino.hu\/ro\/wp-json\/wp\/v2\/media\/6412"}],"wp:attachment":[{"href":"https:\/\/zemino.hu\/ro\/wp-json\/wp\/v2\/media?parent=6413"}],"wp:term":[{"taxonomy":"category","embeddable":true,"href":"https:\/\/zemino.hu\/ro\/wp-json\/wp\/v2\/categories?post=6413"},{"taxonomy":"post_tag","embeddable":true,"href":"https:\/\/zemino.hu\/ro\/wp-json\/wp\/v2\/tags?post=6413"}],"curies":[{"name":"wp","href":"https:\/\/api.w.org\/{rel}","templated":true}]}}