{"id":6419,"date":"2026-09-04T06:22:48","date_gmt":"2026-09-04T04:22:48","guid":{"rendered":"https:\/\/zemino.hu\/?p=6419"},"modified":"2026-09-04T06:22:49","modified_gmt":"2026-09-04T04:22:49","slug":"duro-dora-lmbtq-tanevnyito-budapest","status":"publish","type":"post","link":"https:\/\/zemino.hu\/ro\/kozelet\/2026\/09\/04\/duro-dora-lmbtq-tanevnyito-budapest\/","title":{"rendered":"D\u00far\u00f3 D\u00f3ra: LMBTQ-tan\u00e9vnyit\u00f3t t\u00e1mogatott az Oktat\u00e1si \u00e9s Gyermek\u00fcgyi Miniszt\u00e9rium k\u00e9pvisel\u0151je"},"content":{"rendered":"<p class=\"wp-block-paragraph\"><strong>A Mi Haz\u00e1nk eln\u00f6khelyettese szerint a korm\u00e1nyzati oktat\u00e1sir\u00e1ny\u00edt\u00e1s hivatalosan is ki\u00e1llt a szexeduk\u00e1ci\u00f3t \u00e9s \u00e9rz\u00e9keny\u00edt\u0151 foglalkoz\u00e1sokat szervez\u0151 civil szervezetek mellett egy budapesti esem\u00e9nyen. D\u00far\u00f3 D\u00f3ra k\u00f6z\u00f6ss\u00e9gi oldal\u00e1n k\u00f6zz\u00e9tett bejegyz\u00e9s\u00e9ben arr\u00f3l \u00edrt, hogy az Oktat\u00e1si \u00e9s Gyermek\u00fcgyi Miniszt\u00e9rium deleg\u00e1ltja jelenl\u00e9t\u00e9vel \u00e9s felsz\u00f3lal\u00e1s\u00e1val demonstr\u00e1lta az \u00faj gyermeknevel\u00e9si norm\u00e1kat. A politikus a Tisza P\u00e1rt felel\u0151ss\u00e9g\u00e9t hangs\u00falyozta abban, hogy teret enged-e az iskol\u00e1kban a civil szervezetek programjainak.<\/strong><\/p>\n\n\n\n<p class=\"wp-block-paragraph\">A parlamenti k\u00e9pvisel\u0151 a rendezv\u00e9ny kapcs\u00e1n \u00fagy fogalmazott, hogy a f\u0151v\u00e1rosi program az Amnesty International strukt\u00far\u00e1j\u00e1ra \u00e9p\u00fclt. <a target=\"_blank\" rel=\"noopener\" href=\"https:\/\/www.facebook.com\/durodora\/posts\/pfbid0YJgeHoMf2QQK8L4mo887qFnvxT1Bfz3V6UmcoJDRoEc7x4mz2fPkSmLxyGxpBnBTl\">D\u00far\u00f3 D\u00f3ra Facebook-bejegyz\u00e9se<\/a> szerint a Labrisz Leszbikus Egyes\u00fclet \u00e9s a H\u00e1tt\u00e9r T\u00e1rsas\u00e1g \u00e9rz\u00e9keny\u00edt\u0151 foglalkoz\u00e1sokat tartott iskolai oszt\u00e1lyoknak \u00e9s pedag\u00f3gusoknak.<\/p>\n\n\n\n<p class=\"wp-block-paragraph\">Az ellenz\u00e9ki politikus \u00e1ll\u00e1spontja szerint az esem\u00e9nyen val\u00f3 miniszt\u00e9riumi r\u00e9szv\u00e9tel a korm\u00e1nyp\u00e1rti oktat\u00e1spolitika ir\u00e1nyv\u00e1lt\u00e1s\u00e1t jelzi:<\/p>\n\n\n\n<blockquote class=\"wp-block-quote is-layout-flow wp-block-quote-is-layout-flow\">\n<p class=\"wp-block-paragraph\">\u201eSzexeduk\u00e1ci\u00f3, a m\u00e1ss\u00e1g ir\u00e1nti \u00bbbefogad\u00f3 szeml\u00e9let\u00ab: az oktat\u00e1sir\u00e1ny\u00edt\u00e1s ki\u00e1llt az ezt k\u00e9pvisel\u0151 \u00bbcivil szervezetek\u00ab mellett. Egyenesen egy tan\u00e9vnyit\u00f3 rendezv\u00e9nyen mutatt\u00e1k meg \u00edgy a gyermeknevel\u00e9s \u00faj korm\u00e1nyzati \u00bbnorm\u00e1it\u00ab.\u201d<\/p>\n<\/blockquote>\n\n\n\n<p class=\"wp-block-paragraph\">D\u00far\u00f3 D\u00f3ra lesz\u00f6gezte, hogy a Mi Haz\u00e1nk ki\u00e1ll a hagyom\u00e1nyos csal\u00e1dmodell mellett, \u00e9s elutas\u00edtja az \u00e1ltala \u00e9letellenesnek nevezett ideol\u00f3giai k\u00e9pz\u00e9sek int\u00e9zm\u00e9nyi t\u00e9rnyer\u00e9s\u00e9t a k\u00f6zoktat\u00e1sban.<\/p>\n\n\n\n<figure class=\"wp-block-embed is-type-wp-embed is-provider-zemino wp-block-embed-zemino\"><div class=\"wp-block-embed__wrapper\">\n<blockquote class=\"wp-embedded-content\" data-secret=\"WF8CU1S6gs\"><a href=\"https:\/\/zemino.hu\/ro\/belfold\/2026\/09\/02\/nemeth-balazs-szeleromuvek-kisalfold-tisza\/\">N\u00e9meth Bal\u00e1zs b\u00edr\u00e1lta a sz\u00e9ler\u0151m\u0171vek telep\u00edt\u00e9s\u00e9re vonatkoz\u00f3 korm\u00e1nyzati terveket<\/a><\/blockquote><iframe loading=\"lazy\" class=\"wp-embedded-content\" sandbox=\"allow-scripts\" security=\"restricted\" style=\"position: absolute; visibility: hidden;\" title=\"\u201cN\u00e9meth Bal\u00e1zs b\u00edr\u00e1lta a sz\u00e9ler\u0151m\u0171vek telep\u00edt\u00e9s\u00e9re vonatkoz\u00f3 korm\u00e1nyzati terveket\u201d \u2014 Zemino\" src=\"https:\/\/zemino.hu\/belfold\/2026\/09\/02\/nemeth-balazs-szeleromuvek-kisalfold-tisza\/embed\/#?secret=xnpaDwy2Nu#?secret=WF8CU1S6gs\" data-secret=\"WF8CU1S6gs\" width=\"500\" height=\"282\" frameborder=\"0\" marginwidth=\"0\" marginheight=\"0\" scrolling=\"no\"><\/iframe>\n<\/div><\/figure>\n\n\n\n<p class=\"wp-block-paragraph\">Forr\u00e1s: Facebook \/ D\u00far\u00f3 D\u00f3ra<\/p>\n\n\n\n<p class=\"wp-block-paragraph\">F\u00f3kusz kulcssz\u00f3: D\u00far\u00f3 D\u00f3ra URL-javaslat: duro-dora-lmbtq-tanevnyito-budapest Le\u00edr\u00e1s: D\u00far\u00f3 D\u00f3ra b\u00edr\u00e1lta az Oktat\u00e1si \u00e9s Gyermek\u00fcgyi Miniszt\u00e9rium jelenl\u00e9t\u00e9t egy budapesti, civil szervezetek \u00e1ltal tartott tan\u00e9vnyit\u00f3 rendezv\u00e9nyen. Megye-besorol\u00e1s: BUDAPEST C\u00edmk\u00e9k: Budapest, Oktat\u00e1si \u00e9s Gyermek\u00fcgyi Miniszt\u00e9rium, Mi Haz\u00e1nk, Tisza P\u00e1rt, D\u00far\u00f3 D\u00f3ra, oktat\u00e1s, H\u00e1tt\u00e9r T\u00e1rsas\u00e1g, Labrisz Leszbikus Egyes\u00fclet, Amnesty International<\/p>","protected":false},"excerpt":{"rendered":"<p>A Mi Haz\u00e1nk eln\u00f6khelyettese szerint a korm\u00e1nyzati oktat\u00e1sir\u00e1ny\u00edt\u00e1s hivatalosan is ki\u00e1llt a szexeduk\u00e1ci\u00f3t \u00e9s \u00e9rz\u00e9keny\u00edt\u0151 foglalkoz\u00e1sokat szervez\u0151 civil szervezetek mellett egy budapesti esem\u00e9nyen. D\u00far\u00f3 D\u00f3ra k\u00f6z\u00f6ss\u00e9gi oldal\u00e1n k\u00f6zz\u00e9tett bejegyz\u00e9s\u00e9ben arr\u00f3l \u00edrt, hogy az Oktat\u00e1si \u00e9s Gyermek\u00fcgyi Miniszt\u00e9rium deleg\u00e1ltja jelenl\u00e9t\u00e9vel \u00e9s felsz\u00f3lal\u00e1s\u00e1val demonstr\u00e1lta az \u00faj gyermeknevel\u00e9si norm\u00e1kat. A politikus a Tisza P\u00e1rt felel\u0151ss\u00e9g\u00e9t hangs\u00falyozta abban, hogy\u2026<\/p>","protected":false},"author":2,"featured_media":6418,"comment_status":"open","ping_status":"open","sticky":false,"template":"","format":"standard","meta":{"_gspb_post_css":"","_zh_crosspost_remote_site":"","_zh_crosspost_remote_post_id":"","_zh_crosspost_last_sync_at":"","_zh_crosspost_last_sync_direction":"","_zh_crosspost_synced_images":"","footnotes":""},"categories":[326],"tags":[3407,61,1945,3408,3409,1038,219,2968,248],"class_list":["post-6419","post","type-post","status-publish","format-standard","has-post-thumbnail","hentry","category-kozelet","tag-amnesty-international","tag-budapest","tag-duro-dora","tag-hatter-tarsasag","tag-labrisz-leszbikus-egyesulet","tag-mi-hazank","tag-oktatas","tag-oktatasi-es-gyermekugyi-miniszterium","tag-tisza-part"],"_links":{"self":[{"href":"https:\/\/zemino.hu\/ro\/wp-json\/wp\/v2\/posts\/6419","targetHints":{"allow":["GET"]}}],"collection":[{"href":"https:\/\/zemino.hu\/ro\/wp-json\/wp\/v2\/posts"}],"about":[{"href":"https:\/\/zemino.hu\/ro\/wp-json\/wp\/v2\/types\/post"}],"author":[{"embeddable":true,"href":"https:\/\/zemino.hu\/ro\/wp-json\/wp\/v2\/users\/2"}],"replies":[{"embeddable":true,"href":"https:\/\/zemino.hu\/ro\/wp-json\/wp\/v2\/comments?post=6419"}],"version-history":[{"count":1,"href":"https:\/\/zemino.hu\/ro\/wp-json\/wp\/v2\/posts\/6419\/revisions"}],"predecessor-version":[{"id":6420,"href":"https:\/\/zemino.hu\/ro\/wp-json\/wp\/v2\/posts\/6419\/revisions\/6420"}],"wp:featuredmedia":[{"embeddable":true,"href":"https:\/\/zemino.hu\/ro\/wp-json\/wp\/v2\/media\/6418"}],"wp:attachment":[{"href":"https:\/\/zemino.hu\/ro\/wp-json\/wp\/v2\/media?parent=6419"}],"wp:term":[{"taxonomy":"category","embeddable":true,"href":"https:\/\/zemino.hu\/ro\/wp-json\/wp\/v2\/categories?post=6419"},{"taxonomy":"post_tag","embeddable":true,"href":"https:\/\/zemino.hu\/ro\/wp-json\/wp\/v2\/tags?post=6419"}],"curies":[{"name":"wp","href":"https:\/\/api.w.org\/{rel}","templated":true}]}}