{"id":6421,"date":"2026-09-04T06:34:01","date_gmt":"2026-09-04T04:34:01","guid":{"rendered":"https:\/\/zemino.hu\/?p=6421"},"modified":"2026-09-04T06:34:02","modified_gmt":"2026-09-04T04:34:02","slug":"komarom-esztergom-megye-szocialis-beremeles-tisza","status":"publish","type":"post","link":"https:\/\/zemino.hu\/ro\/gazdasag\/2026\/09\/04\/komarom-esztergom-megye-szocialis-beremeles-tisza\/","title":{"rendered":"K\u00e9t l\u00e9pcs\u0151ben kapnak b\u00e9remel\u00e9st a szoci\u00e1lis \u00e9s gyermekv\u00e9delmi \u00e1gazat dolgoz\u00f3i"},"content":{"rendered":"<p class=\"wp-block-paragraph\"><strong>Jelent\u0151s b\u00e9rfejleszt\u00e9st hajtanak v\u00e9gre k\u00e9t l\u00e9pcs\u0151ben a szoci\u00e1lis \u00e9s a gyermekv\u00e9delmi ter\u00fcleten, valamint a nevel\u00e9st \u00e9s oktat\u00e1st k\u00f6zvetlen\u00fcl seg\u00edt\u0151 szakemberek k\u00f6r\u00e9ben. A korm\u00e1nyoldal k\u00e9pvisel\u0151i szerint az int\u00e9zked\u00e9s elengedhetetlen erk\u00f6lcsi \u00e9s anyagi megbecs\u00fcl\u00e9st jelent a nap mint nap m\u00e1sok\u00e9rt tev\u00e9kenyked\u0151k sz\u00e1m\u00e1ra. A d\u00f6nt\u00e9s r\u00e9szleteir\u0151l a Tisza P\u00e1rt Kom\u00e1rom-Esztergom megyei szervezete sz\u00e1molt be k\u00f6z\u00f6ss\u00e9gi fel\u00fclet\u00e9n.<\/strong><\/p>\n\n\n\n<p class=\"wp-block-paragraph\">A bejelent\u00e9s \u00e9rtelm\u00e9ben a nevel\u00e9st \u00e9s oktat\u00e1st k\u00f6zvetlen\u00fcl seg\u00edt\u0151 (NOKS) munkat\u00e1rsak, tov\u00e1bb\u00e1 a gyermekv\u00e9delemben \u00e9s a szoci\u00e1lis ell\u00e1t\u00e1sban dolgoz\u00f3k k\u00e9t \u00fctemben r\u00e9szes\u00fclnek a fizet\u00e9semel\u00e9sb\u0151l. <a target=\"_blank\" rel=\"noopener\" href=\"https:\/\/www.google.com\/search?q=https:\/\/www.facebook.com\/tisza.komaromesztergommegye.02oevk\/posts\/pfbid0V8ZCt6sdnqYASK6TfTCvj1jxrM4eE8rE1nL8xVHxS67M9XwkNPnzqLfVDxVoz9gWl\">Radnai M\u00e1rk k\u00f6z\u00f6ss\u00e9gi oldal\u00e1n k\u00f6zz\u00e9tett bejegyz\u00e9se<\/a> kiemelte, hogy a ter\u00fcleten dolgoz\u00f3k n\u00e9lk\u00fcl\u00f6zhetetlen feladatot l\u00e1tnak el, kitart\u00e1suk \u00e9s t\u00fcrelm\u00fck pedig elismer\u00e9st \u00e9rdemel.<\/p>\n\n\n\n<p class=\"wp-block-paragraph\">A politikus a d\u00f6nt\u00e9st m\u00e9ltatva \u00fagy fogalmazott:<\/p>\n\n\n\n<blockquote class=\"wp-block-quote is-layout-flow wp-block-quote-is-layout-flow\">\n<p class=\"wp-block-paragraph\">\u201eV\u00e9gre egy fontos l\u00e9p\u00e9s azok\u00e9rt, akik nap mint nap m\u00e1sok\u00e9rt dolgoznak! K\u00e9t l\u00e9pcs\u0151ben jelent\u0151s b\u00e9remel\u00e9st kapnak a szoci\u00e1lis \u00e9s gyermekv\u00e9delmi ter\u00fcleten dolgoz\u00f3k, valamint a nevel\u00e9st \u00e9s oktat\u00e1st k\u00f6zvetlen\u00fcl seg\u00edt\u0151 szakemberek (NOKS). K\u00f6sz\u00f6nj\u00fck a kitart\u00e1sukat, a t\u00fcrelm\u00fcket \u00e9s mindenekel\u0151tt azt a n\u00e9lk\u00fcl\u00f6zhetetlen munk\u00e1t, amit nap mint nap v\u00e9geznek!\u201d<\/p>\n<\/blockquote>\n\n\n\n<p class=\"wp-block-paragraph\">Az int\u00e9zked\u00e9s c\u00e9lja, hogy stabilabb meg\u00e9lhet\u00e9st biztos\u00edtson a kiemelt ter\u00fcleteken feladatot v\u00e1llal\u00f3 szakembereknek.<\/p>\n\n\n\n<figure class=\"wp-block-embed is-type-rich is-provider-facebook wp-block-embed-facebook\"><div class=\"wp-block-embed__wrapper\">\n<div id=\"fb-root\"><\/div><script async=\"1\" defer=\"1\" crossorigin=\"anonymous\" src=\"https:\/\/connect.facebook.net\/hu_HU\/sdk.js#xfbml=1&amp;version=v26.0\"><\/script><div class=\"fb-post\" data-href=\"https:\/\/www.facebook.com\/tisza.komaromesztergommegye.02oevk\/posts\/pfbid0V8ZCt6sdnqYASK6TfTCvj1jxrM4eE8rE1nL8xVHxS67M9XwkNPnzqLfVDxVoz9gWl\" data-width=\"500\"><\/div>\n<\/div><\/figure>\n\n\n<aside class=\"zemino-inline-related\" aria-label=\"Kapcsol\u00f3d\u00f3 cikkek\"><div class=\"zemino-inline-related__title\">M\u00e9g t\u00f6bb: <a class=\"zemino-inline-related__category-link\" href=\"https:\/\/zemino.hu\/ro\/category\/gazdasag\/\">Gazdas\u00e1g<\/a><\/div><ul class=\"zemino-inline-related__list\"><li class=\"zemino-inline-related__item\"><a class=\"zemino-inline-related__link\" href=\"https:\/\/zemino.hu\/ro\/gazdasag\/2026\/08\/17\/magyar-peter-a-melyszegenysegben-elo-gyermekek-osztondijprogramjanak-folytatasara-szolitotta-fel-az-mbh-bankot\/\">Magyar P\u00e9ter a m\u00e9lyszeg\u00e9nys\u00e9gben \u00e9l\u0151 gyermekek \u00f6szt\u00f6nd\u00edjprogramj\u00e1nak folytat\u00e1s\u00e1ra sz\u00f3l\u00edtotta fel az MBH Bankot<\/a><\/li><li class=\"zemino-inline-related__item\"><a class=\"zemino-inline-related__link\" href=\"https:\/\/zemino.hu\/ro\/gazdasag\/2026\/08\/02\/reuters-orban-kozeli-cegek-piaci-atalakulas\/\">Reuters: Egyes Orb\u00e1n-k\u00f6zeli v\u00e1llalatok ak\u00e1r el is t\u0171nhetnek a piacr\u00f3l a politikai fordulat ut\u00e1n<\/a><\/li><li class=\"zemino-inline-related__item\"><a class=\"zemino-inline-related__link\" href=\"https:\/\/zemino.hu\/ro\/gazdasag\/2026\/08\/30\/kekva-felszamolas-allami-vagyon-visszavetel\/\">Visszaker\u00fclt az \u00e1llamhoz 100 milli\u00e1rd \u00e9rt\u00e9k\u0171 KEKVA-vagyon: lez\u00e1rult a k\u00f6z\u00e9rdek\u0171 alap\u00edtv\u00e1nyok felsz\u00e1mol\u00e1sa<\/a><\/li><\/ul><\/aside>","protected":false},"excerpt":{"rendered":"<p>Jelent\u0151s b\u00e9rfejleszt\u00e9st hajtanak v\u00e9gre k\u00e9t l\u00e9pcs\u0151ben a szoci\u00e1lis \u00e9s a gyermekv\u00e9delmi ter\u00fcleten, valamint a nevel\u00e9st \u00e9s oktat\u00e1st k\u00f6zvetlen\u00fcl seg\u00edt\u0151 szakemberek k\u00f6r\u00e9ben. A korm\u00e1nyoldal k\u00e9pvisel\u0151i szerint az int\u00e9zked\u00e9s elengedhetetlen erk\u00f6lcsi \u00e9s anyagi megbecs\u00fcl\u00e9st jelent a nap mint nap m\u00e1sok\u00e9rt tev\u00e9kenyked\u0151k sz\u00e1m\u00e1ra. A d\u00f6nt\u00e9s r\u00e9szleteir\u0151l a Tisza P\u00e1rt Kom\u00e1rom-Esztergom megyei szervezete sz\u00e1molt be k\u00f6z\u00f6ss\u00e9gi fel\u00fclet\u00e9n. A bejelent\u00e9s\u2026<\/p>","protected":false},"author":2,"featured_media":6422,"comment_status":"open","ping_status":"open","sticky":false,"template":"","format":"standard","meta":{"_gspb_post_css":"","_zh_crosspost_remote_site":"","_zh_crosspost_remote_post_id":"","_zh_crosspost_last_sync_at":"","_zh_crosspost_last_sync_direction":"","_zh_crosspost_synced_images":"","footnotes":""},"categories":[32],"tags":[3413,1046,3410,3412,219,583,3411,248],"class_list":["post-6421","post","type-post","status-publish","format-standard","has-post-thumbnail","hentry","category-gazdasag","tag-berfejlesztes","tag-gyermekvedelem","tag-komarom-esztergom-megye","tag-noks","tag-oktatas","tag-radnai-mark","tag-szocialis-beremeles","tag-tisza-part"],"_links":{"self":[{"href":"https:\/\/zemino.hu\/ro\/wp-json\/wp\/v2\/posts\/6421","targetHints":{"allow":["GET"]}}],"collection":[{"href":"https:\/\/zemino.hu\/ro\/wp-json\/wp\/v2\/posts"}],"about":[{"href":"https:\/\/zemino.hu\/ro\/wp-json\/wp\/v2\/types\/post"}],"author":[{"embeddable":true,"href":"https:\/\/zemino.hu\/ro\/wp-json\/wp\/v2\/users\/2"}],"replies":[{"embeddable":true,"href":"https:\/\/zemino.hu\/ro\/wp-json\/wp\/v2\/comments?post=6421"}],"version-history":[{"count":1,"href":"https:\/\/zemino.hu\/ro\/wp-json\/wp\/v2\/posts\/6421\/revisions"}],"predecessor-version":[{"id":6424,"href":"https:\/\/zemino.hu\/ro\/wp-json\/wp\/v2\/posts\/6421\/revisions\/6424"}],"wp:featuredmedia":[{"embeddable":true,"href":"https:\/\/zemino.hu\/ro\/wp-json\/wp\/v2\/media\/6422"}],"wp:attachment":[{"href":"https:\/\/zemino.hu\/ro\/wp-json\/wp\/v2\/media?parent=6421"}],"wp:term":[{"taxonomy":"category","embeddable":true,"href":"https:\/\/zemino.hu\/ro\/wp-json\/wp\/v2\/categories?post=6421"},{"taxonomy":"post_tag","embeddable":true,"href":"https:\/\/zemino.hu\/ro\/wp-json\/wp\/v2\/tags?post=6421"}],"curies":[{"name":"wp","href":"https:\/\/api.w.org\/{rel}","templated":true}]}}